{"id":90938,"date":"2021-04-15T18:43:38","date_gmt":"2021-04-15T21:43:38","guid":{"rendered":"https:\/\/eldiariodesanpedro.com.ar\/sitio\/?p=90938"},"modified":"2021-04-15T18:43:42","modified_gmt":"2021-04-15T21:43:42","slug":"san-pedro-y-baradero-retoman-acciones-conjuntas-por-la-gestion-de-residuos-y-basurales-a-cielo-abierto","status":"publish","type":"post","link":"https:\/\/eldiariodesanpedro.com.ar\/sitio\/san-pedro-y-baradero-retoman-acciones-conjuntas-por-la-gestion-de-residuos-y-basurales-a-cielo-abierto\/","title":{"rendered":"San Pedro y Baradero retoman acciones conjuntas por la gesti\u00f3n de residuos y basurales a cielo abierto"},"content":{"rendered":"<!-- VideographyWP Plugin Message: Automatic video embedding prevented by plugin options. -->\n\n<p>El Intendente Cecilio Salazar particip\u00f3 esta ma\u00f1ana de una reuni\u00f3n en la Municipalidad de Baradero en la que recibieron, junto al jefe comunal de esa ciudad Esteban Sanzio, al Secretario de Monitoreo Ambiental del Ministerio de Ambiente y Desarrollo Sostenible de la Naci\u00f3n, Sergio Federovisky.<\/p>\n\n\n\n<p>El encuentro fue organizado por el Senador Provincial Francisco \u201cPaco\u201d Dura\u00f1ona, ex Intendente de San Antonio de Areco, quien particip\u00f3 del mismo, con una iniciativa sumamente importante para promover el trabajo conjunto de ambas ciudades.<\/p>\n\n\n\n<p>En este caso se expusieron los detalles del Plan Estrat\u00e9gico que el Ministerio lleva adelante junto al BID (Banco Interamericano de Desarrollo) destinado a promover la erradicaci\u00f3n de basurales a cielo abierto a trav\u00e9s de una gesti\u00f3n de los residuos domiciliarios.<\/p>\n\n\n\n<p>La problem\u00e1tica que desde hace d\u00e9cadas comparten San Pedro y Baradero se extiende a otras comunidades de la regi\u00f3n que podr\u00edan formar parte de este programa, iniciando un proceso de reconversi\u00f3n de estos focos contemplando no s\u00f3lo el impacto ambiental, sino tambi\u00e9n todos los sectores que est\u00e1n involucrados en el proceso que actualmente se realiza con los residuos de las localidades.<\/p>\n\n\n\n<p>El prop\u00f3sito es establecer un sistema que mejore sustancialmente el manejo de los Residuos S\u00f3lidos Urbanos desde el punto de vista ambiental, econ\u00f3mico y social.<\/p>\n\n\n\n<p>En fecha pr\u00f3xima habr\u00e1 una nueva convocatoria para que desde cada municipio los equipos t\u00e9cnicos correspondientes avancen en el an\u00e1lisis de este programa para lograr su implementaci\u00f3n.<\/p>\n","protected":false},"excerpt":{"rendered":"<p>El Intendente Cecilio Salazar particip\u00f3 esta ma\u00f1ana de una reuni\u00f3n en la Municipalidad de Baradero en la que recibieron, junto al jefe comunal de esa ciudad Esteban Sanzio, al Secretario de Monitoreo Ambiental del Ministerio de Ambiente y Desarrollo Sostenible de la Naci\u00f3n, Sergio Federovisky. El encuentro fue organizado por el Senador Provincial Francisco \u201cPaco\u201d [&hellip;]<\/p>\n","protected":false},"author":4,"featured_media":90939,"comment_status":"open","ping_status":"closed","sticky":false,"template":"","format":"standard","meta":{"om_disable_all_campaigns":false,"_jetpack_memberships_contains_paid_content":false,"footnotes":""},"categories":[50,101,2],"tags":[],"class_list":["post-90938","post","type-post","status-publish","format-standard","has-post-thumbnail","hentry","category-destacadas","category-interes-general-locales","category-locales"],"aioseo_notices":[],"gutentor_comment":0,"jetpack_featured_media_url":"https:\/\/eldiariodesanpedro.com.ar\/sitio\/wp-content\/uploads\/2021\/04\/WhatsApp-Image-2021-04-15-at-16.28.09.jpeg","jetpack_shortlink":"https:\/\/wp.me\/p6RhLt-nEK","jetpack_sharing_enabled":true,"_links":{"self":[{"href":"https:\/\/eldiariodesanpedro.com.ar\/sitio\/wp-json\/wp\/v2\/posts\/90938","targetHints":{"allow":["GET"]}}],"collection":[{"href":"https:\/\/eldiariodesanpedro.com.ar\/sitio\/wp-json\/wp\/v2\/posts"}],"about":[{"href":"https:\/\/eldiariodesanpedro.com.ar\/sitio\/wp-json\/wp\/v2\/types\/post"}],"author":[{"embeddable":true,"href":"https:\/\/eldiariodesanpedro.com.ar\/sitio\/wp-json\/wp\/v2\/users\/4"}],"replies":[{"embeddable":true,"href":"https:\/\/eldiariodesanpedro.com.ar\/sitio\/wp-json\/wp\/v2\/comments?post=90938"}],"version-history":[{"count":1,"href":"https:\/\/eldiariodesanpedro.com.ar\/sitio\/wp-json\/wp\/v2\/posts\/90938\/revisions"}],"predecessor-version":[{"id":90940,"href":"https:\/\/eldiariodesanpedro.com.ar\/sitio\/wp-json\/wp\/v2\/posts\/90938\/revisions\/90940"}],"wp:featuredmedia":[{"embeddable":true,"href":"https:\/\/eldiariodesanpedro.com.ar\/sitio\/wp-json\/wp\/v2\/media\/90939"}],"wp:attachment":[{"href":"https:\/\/eldiariodesanpedro.com.ar\/sitio\/wp-json\/wp\/v2\/media?parent=90938"}],"wp:term":[{"taxonomy":"category","embeddable":true,"href":"https:\/\/eldiariodesanpedro.com.ar\/sitio\/wp-json\/wp\/v2\/categories?post=90938"},{"taxonomy":"post_tag","embeddable":true,"href":"https:\/\/eldiariodesanpedro.com.ar\/sitio\/wp-json\/wp\/v2\/tags?post=90938"}],"curies":[{"name":"wp","href":"https:\/\/api.w.org\/{rel}","templated":true}]}}