{"id":90936,"date":"2021-04-15T12:55:08","date_gmt":"2021-04-15T15:55:08","guid":{"rendered":"https:\/\/eldiariodesanpedro.com.ar\/sitio\/?p=90936"},"modified":"2021-04-15T12:55:18","modified_gmt":"2021-04-15T15:55:18","slug":"coronavirus-se-recibieron-24-nuevos-casos-positivos-y-los-activos-siguen-aumentando-un-total-de-166","status":"publish","type":"post","link":"https:\/\/eldiariodesanpedro.com.ar\/sitio\/coronavirus-se-recibieron-24-nuevos-casos-positivos-y-los-activos-siguen-aumentando-un-total-de-166\/","title":{"rendered":"Coronavirus: Se recibieron 24 nuevos casos positivos y los activos siguen aumentando un total de 166"},"content":{"rendered":"<!-- VideographyWP Plugin Message: Automatic video embedding prevented by plugin options. -->\n\n<p>La Secretar\u00eda de Salud de la Municipalidad de San Pedro brinda el informe que acompa\u00f1a la placa del d\u00eda de la fecha, en el seguimiento de la Pandemia de Covid-19.<\/p>\n\n\n\n<p>Se recibieron del Laboratorio Central Lab los resultados de los \u00faltimos env\u00edos de muestras con 23 positivos, y se confirm\u00f3 un caso positivo, a trav\u00e9s de los testeos r\u00e1pidos que se realizan en el Laboratorio del Hospital, totalizando 24 nuevos casos positivos.<\/p>\n\n\n\n<p>Sobre el resto de las muestras, el Laboratorio Central Lab inform\u00f3 23 resultados negativos.<\/p>\n\n\n\n<p>Los positivos est\u00e1n divididos en:<\/p>\n\n\n\n<ul class=\"wp-block-list\"><li>Central Lab:<\/li><li>8 mujeres de 17, 24, 26, 38, 57, 58, 62 y 70 a\u00f1os.<\/li><li>15 hombres de 25, 29(2), 30, 34, 36, 38, 41, 42, 52, 53, 54, 58, 59 y 67 a\u00f1os.<\/li><li>Laboratorio del Hospital: Una mujer de 45 a\u00f1os.<\/li><li>En el d\u00eda de hoy, se enviaron 82 nuevas muestras para ser analizadas. Cuando se reciban los resultados ser\u00e1n comunicados.<\/li><\/ul>\n\n\n\n<p>Resumen actualizado de informaci\u00f3n oficial<\/p>\n\n\n\n<p>Positivos desde el inicio de la Pandemia: 2714<\/p>\n\n\n\n<p>Activos: 166<\/p>\n\n\n\n<p>Recuperados: 2459<\/p>\n\n\n\n<p>Fallecidos: 89<\/p>\n\n\n\n<p>Negativos desde el inicio de la Pandemia: 4299<\/p>\n\n\n\n<p>Los datos consignados en este informe corresponden a casos analizados a trav\u00e9s hisopados realizados en los \u00abconsultorios amarillos\u00bb analizados por el Laboratorio Central Lab y testeos r\u00e1pidos efectuados en el Laboratorio del Hospital.<\/p>\n\n\n\n<p>&#x1f449; Usar tapabocas.<br>&#x1f449; Mantener la distancia m\u00ednima de 2 metros.<br>&#x1f449; Extremar la higiene de los espacios.<br>&#x1f449; Mantener las manos limpias.<\/p>\n\n\n\n<p>Se recuerda que, ante s\u00edntomas de tos seca, fiebre y dolor de garganta se puede llamar al 148 o 107<\/p>\n","protected":false},"excerpt":{"rendered":"<p>La Secretar\u00eda de Salud de la Municipalidad de San Pedro brinda el informe que acompa\u00f1a la placa del d\u00eda de la fecha, en el seguimiento de la Pandemia de Covid-19. Se recibieron del Laboratorio Central Lab los resultados de los \u00faltimos env\u00edos de muestras con 23 positivos, y se confirm\u00f3 un caso positivo, a trav\u00e9s [&hellip;]<\/p>\n","protected":false},"author":4,"featured_media":78783,"comment_status":"open","ping_status":"closed","sticky":false,"template":"","format":"standard","meta":{"om_disable_all_campaigns":false,"_jetpack_memberships_contains_paid_content":false,"footnotes":""},"categories":[50,101,2],"tags":[],"class_list":["post-90936","post","type-post","status-publish","format-standard","has-post-thumbnail","hentry","category-destacadas","category-interes-general-locales","category-locales"],"aioseo_notices":[],"gutentor_comment":0,"jetpack_featured_media_url":"https:\/\/eldiariodesanpedro.com.ar\/sitio\/wp-content\/uploads\/2020\/08\/coronavirus-positivo-2.jpg","jetpack_shortlink":"https:\/\/wp.me\/p6RhLt-nEI","jetpack_sharing_enabled":true,"_links":{"self":[{"href":"https:\/\/eldiariodesanpedro.com.ar\/sitio\/wp-json\/wp\/v2\/posts\/90936","targetHints":{"allow":["GET"]}}],"collection":[{"href":"https:\/\/eldiariodesanpedro.com.ar\/sitio\/wp-json\/wp\/v2\/posts"}],"about":[{"href":"https:\/\/eldiariodesanpedro.com.ar\/sitio\/wp-json\/wp\/v2\/types\/post"}],"author":[{"embeddable":true,"href":"https:\/\/eldiariodesanpedro.com.ar\/sitio\/wp-json\/wp\/v2\/users\/4"}],"replies":[{"embeddable":true,"href":"https:\/\/eldiariodesanpedro.com.ar\/sitio\/wp-json\/wp\/v2\/comments?post=90936"}],"version-history":[{"count":1,"href":"https:\/\/eldiariodesanpedro.com.ar\/sitio\/wp-json\/wp\/v2\/posts\/90936\/revisions"}],"predecessor-version":[{"id":90937,"href":"https:\/\/eldiariodesanpedro.com.ar\/sitio\/wp-json\/wp\/v2\/posts\/90936\/revisions\/90937"}],"wp:featuredmedia":[{"embeddable":true,"href":"https:\/\/eldiariodesanpedro.com.ar\/sitio\/wp-json\/wp\/v2\/media\/78783"}],"wp:attachment":[{"href":"https:\/\/eldiariodesanpedro.com.ar\/sitio\/wp-json\/wp\/v2\/media?parent=90936"}],"wp:term":[{"taxonomy":"category","embeddable":true,"href":"https:\/\/eldiariodesanpedro.com.ar\/sitio\/wp-json\/wp\/v2\/categories?post=90936"},{"taxonomy":"post_tag","embeddable":true,"href":"https:\/\/eldiariodesanpedro.com.ar\/sitio\/wp-json\/wp\/v2\/tags?post=90936"}],"curies":[{"name":"wp","href":"https:\/\/api.w.org\/{rel}","templated":true}]}}