{"id":90933,"date":"2021-04-15T10:54:27","date_gmt":"2021-04-15T13:54:27","guid":{"rendered":"https:\/\/eldiariodesanpedro.com.ar\/sitio\/?p=90933"},"modified":"2021-04-15T10:54:33","modified_gmt":"2021-04-15T13:54:33","slug":"como-se-aplicaran-en-la-provincia-las-nuevas-restricciones","status":"publish","type":"post","link":"https:\/\/eldiariodesanpedro.com.ar\/sitio\/como-se-aplicaran-en-la-provincia-las-nuevas-restricciones\/","title":{"rendered":"C\u00f3mo se aplicar\u00e1n en la Provincia las nuevas restricciones"},"content":{"rendered":"<!-- VideographyWP Plugin Message: Automatic video embedding prevented by plugin options. -->\n\n<p>El presidente Alberto Fern\u00e1ndez anuncio restricciones duras para el AMBA y Axel Kicillof las respald\u00f3. C\u00f3mo se implementan en Provincia.<\/p>\n\n\n\n<p>El presidente\u00a0<strong>Alberto Fern\u00e1ndez<\/strong>\u00a0anuncio anoche el endurecimiento de las restricciones en el AMBA por la segunda ola de\u00a0coronavirus.\u00a0<strong>Axel Kicillof\u00a0<\/strong>se aline\u00f3 de inmediato y adhiri\u00f3 desde las redes sociales. Hoy, el Gobernador precisar\u00e1 su propio paquete de medidas para la\u00a0<strong>Provincia<\/strong>. Ser\u00e1 en conferencia de prensa desde las 16 horas.<\/p>\n\n\n\n<p>La gran pregunta es como se implementar\u00e1n las nuevas\u00a0<strong>medidas<\/strong>\u00a0por fuera de los 40 municipios del \u00c1rea Metropolitana, que inexorablemente quedar\u00e1n comprendidos dentro de los que recibir\u00e1n las restricciones m\u00e1s duras.<\/p>\n\n\n\n<p>En el interior preocupa el crecimiento de casos en distritos como\u00a0Bah\u00eda Blanca<strong>\u00a0y\u00a0Olavarr\u00eda<\/strong>, polos econ\u00f3micos del sudoeste y del centro del mapa provincial, pero tambi\u00e9n en el noroeste, en localidades como\u00a0<strong>General Villegas<\/strong>.<\/p>\n\n\n\n<p>En principio, desde&nbsp;<strong>el Gobierno bonaerense aplicar\u00e1n las mismas medidas del decreto presidencial a los distritos bonaerenses considerados en FASE 3<\/strong>. Hoy, corresponden al \u00c1rea Metropolitana y algunos distritos -se habla de nueve- que se incorporaron voluntariamente como Olavarr\u00eda, pero la Provincia tiene la facultad de ir sumando a ese lote.<\/p>\n\n\n\n<p>Tambi\u00e9n se permitir\u00e1 que los intendentes apliquen restricciones de acuerdo a su propia evaluaci\u00f3n de la situaci\u00f3n epidemiol\u00f3gica, una demanda que se hizo muy fuerte en la primera ola y que trajo algunos dolores de cabeza al gobierno de&nbsp;<strong>Axel Kicillof<\/strong>.<\/p>\n\n\n\n<p>Hay que ver c\u00f3mo maneja la Provincia la anunciada resistencia de los intendentes del PRO, que desde anoche piden que no se cierren las escuelas. Uno de los que sali\u00f3 con los tapones de punta fue el de Campana,\u00a0<strong>Sebasti\u00e1n Abella<\/strong>, que lleg\u00f3 a exponer afiches en la v\u00eda p\u00fablica con esa consigna.<\/p>\n\n\n\n<p>\u00abLas escuelas, con protocolo, son un lugar seguro. Por eso, le pedimos al gobernador que nos permita mantenerlas abiertas y con los chicos teniendo clases presenciales\u00bb, escribi\u00f3 en las redes sociales. Se descarta que esa posici\u00f3n ser\u00e1 compartida por la mayor\u00eda de su espacio.<\/p>\n\n\n\n<p>Fuente: <a href=\"https:\/\/infocielo.com\/provincia\/como-se-aplicaran-la-provincia-las-nuevas-restricciones-n709573\">infocielo<\/a><\/p>\n\n\n\n<p><a href=\"https:\/\/media.infocielo.com\/p\/810ccf95f48e9b36884368f791d78d42\/adjuntos\/299\/imagenes\/001\/084\/0001084844\/kicillof-anuncia-restricciones-la-provincia.jpg\"><\/a><\/p>\n","protected":false},"excerpt":{"rendered":"<p>El presidente Alberto Fern\u00e1ndez anuncio restricciones duras para el AMBA y Axel Kicillof las respald\u00f3. C\u00f3mo se implementan en Provincia. El presidente\u00a0Alberto Fern\u00e1ndez\u00a0anuncio anoche el endurecimiento de las restricciones en el AMBA por la segunda ola de\u00a0coronavirus.\u00a0Axel Kicillof\u00a0se aline\u00f3 de inmediato y adhiri\u00f3 desde las redes sociales. Hoy, el Gobernador precisar\u00e1 su propio paquete de [&hellip;]<\/p>\n","protected":false},"author":4,"featured_media":90934,"comment_status":"open","ping_status":"closed","sticky":false,"template":"","format":"standard","meta":{"om_disable_all_campaigns":false,"_jetpack_memberships_contains_paid_content":false,"footnotes":""},"categories":[50,101,2],"tags":[],"class_list":["post-90933","post","type-post","status-publish","format-standard","has-post-thumbnail","hentry","category-destacadas","category-interes-general-locales","category-locales"],"aioseo_notices":[],"gutentor_comment":0,"jetpack_featured_media_url":"https:\/\/eldiariodesanpedro.com.ar\/sitio\/wp-content\/uploads\/2021\/04\/kicillof-anuncia-restricciones-la-provincia.jpg","jetpack_shortlink":"https:\/\/wp.me\/p6RhLt-nEF","jetpack_sharing_enabled":true,"_links":{"self":[{"href":"https:\/\/eldiariodesanpedro.com.ar\/sitio\/wp-json\/wp\/v2\/posts\/90933","targetHints":{"allow":["GET"]}}],"collection":[{"href":"https:\/\/eldiariodesanpedro.com.ar\/sitio\/wp-json\/wp\/v2\/posts"}],"about":[{"href":"https:\/\/eldiariodesanpedro.com.ar\/sitio\/wp-json\/wp\/v2\/types\/post"}],"author":[{"embeddable":true,"href":"https:\/\/eldiariodesanpedro.com.ar\/sitio\/wp-json\/wp\/v2\/users\/4"}],"replies":[{"embeddable":true,"href":"https:\/\/eldiariodesanpedro.com.ar\/sitio\/wp-json\/wp\/v2\/comments?post=90933"}],"version-history":[{"count":1,"href":"https:\/\/eldiariodesanpedro.com.ar\/sitio\/wp-json\/wp\/v2\/posts\/90933\/revisions"}],"predecessor-version":[{"id":90935,"href":"https:\/\/eldiariodesanpedro.com.ar\/sitio\/wp-json\/wp\/v2\/posts\/90933\/revisions\/90935"}],"wp:featuredmedia":[{"embeddable":true,"href":"https:\/\/eldiariodesanpedro.com.ar\/sitio\/wp-json\/wp\/v2\/media\/90934"}],"wp:attachment":[{"href":"https:\/\/eldiariodesanpedro.com.ar\/sitio\/wp-json\/wp\/v2\/media?parent=90933"}],"wp:term":[{"taxonomy":"category","embeddable":true,"href":"https:\/\/eldiariodesanpedro.com.ar\/sitio\/wp-json\/wp\/v2\/categories?post=90933"},{"taxonomy":"post_tag","embeddable":true,"href":"https:\/\/eldiariodesanpedro.com.ar\/sitio\/wp-json\/wp\/v2\/tags?post=90933"}],"curies":[{"name":"wp","href":"https:\/\/api.w.org\/{rel}","templated":true}]}}