{"id":90930,"date":"2021-04-15T10:48:53","date_gmt":"2021-04-15T13:48:53","guid":{"rendered":"https:\/\/eldiariodesanpedro.com.ar\/sitio\/?p=90930"},"modified":"2021-04-15T10:48:59","modified_gmt":"2021-04-15T13:48:59","slug":"alberto-fernandez-anuncio-un-bono-de-15-mil-pesos-para-los-afectados-en-las-restricciones","status":"publish","type":"post","link":"https:\/\/eldiariodesanpedro.com.ar\/sitio\/alberto-fernandez-anuncio-un-bono-de-15-mil-pesos-para-los-afectados-en-las-restricciones\/","title":{"rendered":"Alberto Fern\u00e1ndez anunci\u00f3 un bono de 15 mil pesos para los afectados en las restricciones"},"content":{"rendered":"<!-- VideographyWP Plugin Message: Automatic video embedding prevented by plugin options. -->\n\n<p>El presidente Alberto Fern\u00e1ndez dio a conocer que el Estado brindar\u00e1 un bono de 15 mil pesos para quienes se vean afectados por las medidas restrictivas.<\/p>\n\n\n\n<p>El presidente Alberto Fern\u00e1ndez anunci\u00f3 este jueves 15 de abril que el Gobierno nacional brindar\u00e1 un bono de 15 mil pesos para los sectores m\u00e1s vulnerados por las nuevas medidas restrictivas adoptadas en el AMBA. De esta manera, la ayuda econ\u00f3mica ser\u00e1 implementada a trav\u00e9s de la Anses para quienes perciban asignaciones sociales y monotributistas.<\/p>\n\n\n\n<p>En di\u00e1logo con Radio 10, Alberto Fern\u00e1ndez manifest\u00f3 que \u00abayer quise hacer foco sobre la cuesti\u00f3n sanitaria y no sobre otros aspectos, que siempre hemos tenido en cuenta\u00bb. Entonces, confirm\u00f3 que el Estado dar\u00e1 un bono de 15 mil pesos para quienes tengan Asignaci\u00f3n Universal por Hijo (AUH), Asignaci\u00f3n Universal por Embarazo (AUE) y a monotributistas de las categor\u00edas A y B.<\/p>\n\n\n\n<p>\u00abLo que nosotros vamos a disponer y en el transcurso del d\u00eda Fernanda Raverta lo explicar\u00e1 en detalle, es a cada titular de la Asignaci\u00f3n Universal por Hijo, Asignaci\u00f3n Universal por Embarazo y asignaciones familiares para monotributistas de las primeras categor\u00edas, asignarles quince mil pesos para estos d\u00edas en situaci\u00f3n de mayores restricciones\u00bb, detall\u00f3 el Presidente.<\/p>\n\n\n\n<p>Adem\u00e1s, indic\u00f3 que \u00aba esto acceder\u00e1n todos los que se vean afectados por la medida, que hoy es para el \u00c1rea Metropolitana de Buenos Aires; pero conf\u00edo en que otras provincias que tambi\u00e9n est\u00e1n teniendo un n\u00famero de casos, en la medida en que se vayan uniendo a las restricciones, sus pobladores se ver\u00e1n beneficiados con esta medida\u00bb.<\/p>\n\n\n\n<p>M\u00e1s adelante, Alberto Fern\u00e1ndez habl\u00f3 sobre las nuevas medidas que se tomaron para el AMBA y la reacci\u00f3n de la oposici\u00f3n de Juntos por el Cambio. Al mismo tiempo, se refiri\u00f3 a las gestiones que realizan para obtener m\u00e1s vacunas.<\/p>\n\n\n\n<p>Si en verdad ten\u00edan alguna posibilidad de conseguir vacunas, como dijo Mauricio Macri hace pocos d\u00edas, cuando se\u00f1al\u00f3 que ellos estaban en el mundo y hubiesen conseguido vacunas con facilidad&#8230; \u00bfpor qu\u00e9 no las consiguen? as\u00ed ayudan; si lo que necesitamos es que los argentinos tengan vacunas\u00bb, expres\u00f3.<\/p>\n\n\n\n<p>En esa l\u00ednea, se\u00f1al\u00f3 que \u00abno hay ning\u00fan gobernador que pueda decir que ha sido discriminado; no hay ning\u00fan intendente que pueda decir que ha sido discriminado&#8230; \u00bfpor qu\u00e9 no ayudan?\u00bb.<\/p>\n\n\n\n<p>\u00abNo estoy para ganar una elecci\u00f3n, sino para cuidar a la gente\u00bb, insisti\u00f3.<\/p>\n\n\n\n<p>Finalmente, sostuvo que \u00abes muy f\u00e1cil decir lo que se tiene que hacer, pero \u00bfcu\u00e1ntos quieren estar en los zapatos de Alberto Fern\u00e1ndez? No era este el mundo que yo so\u00f1aba gobernar, es el que me toc\u00f3; y como es el que me toc\u00f3, voy a ser leal y consecuente con mis convicciones\u00bb, y concluy\u00f3: \u00abMi compromiso es con la sociedad; escriban y digan lo que les plazca\u00bb.<\/p>\n\n\n\n<p>Fuente: <a href=\"https:\/\/infocielo.com\/alberto-fernandez\/alberto-fernandez-anuncio-un-bono-15-mil-pesos-n709585\">InfoCielo<\/a><\/p>\n\n\n\n<p><a href=\"https:\/\/media.infocielo.com\/p\/eb45f285bde88a1cefc25dc330ecf6ab\/adjuntos\/299\/imagenes\/001\/134\/0001134813\/alberto-fernandez-anuncio-un-bono-15000.jpg\"><\/a><\/p>\n\n\n\n<p><a href=\"https:\/\/media.infocielo.com\/p\/eb45f285bde88a1cefc25dc330ecf6ab\/adjuntos\/299\/imagenes\/001\/134\/0001134813\/alberto-fernandez-anuncio-un-bono-15000.jpg\"><\/a><\/p>\n","protected":false},"excerpt":{"rendered":"<p>El presidente Alberto Fern\u00e1ndez dio a conocer que el Estado brindar\u00e1 un bono de 15 mil pesos para quienes se vean afectados por las medidas restrictivas. El presidente Alberto Fern\u00e1ndez anunci\u00f3 este jueves 15 de abril que el Gobierno nacional brindar\u00e1 un bono de 15 mil pesos para los sectores m\u00e1s vulnerados por las nuevas [&hellip;]<\/p>\n","protected":false},"author":4,"featured_media":90931,"comment_status":"open","ping_status":"closed","sticky":false,"template":"","format":"standard","meta":{"om_disable_all_campaigns":false,"_jetpack_memberships_contains_paid_content":false,"footnotes":""},"categories":[621],"tags":[],"class_list":["post-90930","post","type-post","status-publish","format-standard","has-post-thumbnail","hentry","category-regionales"],"aioseo_notices":[],"gutentor_comment":0,"jetpack_featured_media_url":"https:\/\/eldiariodesanpedro.com.ar\/sitio\/wp-content\/uploads\/2021\/04\/alberto-fernandez-anuncio-un-bono-15000.jpg","jetpack_shortlink":"https:\/\/wp.me\/p6RhLt-nEC","jetpack_sharing_enabled":true,"_links":{"self":[{"href":"https:\/\/eldiariodesanpedro.com.ar\/sitio\/wp-json\/wp\/v2\/posts\/90930","targetHints":{"allow":["GET"]}}],"collection":[{"href":"https:\/\/eldiariodesanpedro.com.ar\/sitio\/wp-json\/wp\/v2\/posts"}],"about":[{"href":"https:\/\/eldiariodesanpedro.com.ar\/sitio\/wp-json\/wp\/v2\/types\/post"}],"author":[{"embeddable":true,"href":"https:\/\/eldiariodesanpedro.com.ar\/sitio\/wp-json\/wp\/v2\/users\/4"}],"replies":[{"embeddable":true,"href":"https:\/\/eldiariodesanpedro.com.ar\/sitio\/wp-json\/wp\/v2\/comments?post=90930"}],"version-history":[{"count":1,"href":"https:\/\/eldiariodesanpedro.com.ar\/sitio\/wp-json\/wp\/v2\/posts\/90930\/revisions"}],"predecessor-version":[{"id":90932,"href":"https:\/\/eldiariodesanpedro.com.ar\/sitio\/wp-json\/wp\/v2\/posts\/90930\/revisions\/90932"}],"wp:featuredmedia":[{"embeddable":true,"href":"https:\/\/eldiariodesanpedro.com.ar\/sitio\/wp-json\/wp\/v2\/media\/90931"}],"wp:attachment":[{"href":"https:\/\/eldiariodesanpedro.com.ar\/sitio\/wp-json\/wp\/v2\/media?parent=90930"}],"wp:term":[{"taxonomy":"category","embeddable":true,"href":"https:\/\/eldiariodesanpedro.com.ar\/sitio\/wp-json\/wp\/v2\/categories?post=90930"},{"taxonomy":"post_tag","embeddable":true,"href":"https:\/\/eldiariodesanpedro.com.ar\/sitio\/wp-json\/wp\/v2\/tags?post=90930"}],"curies":[{"name":"wp","href":"https:\/\/api.w.org\/{rel}","templated":true}]}}