{"id":90927,"date":"2021-04-15T10:42:38","date_gmt":"2021-04-15T13:42:38","guid":{"rendered":"https:\/\/eldiariodesanpedro.com.ar\/sitio\/?p=90927"},"modified":"2021-04-15T10:42:43","modified_gmt":"2021-04-15T13:42:43","slug":"dr-tartaglione-si-los-casos-siguen-aumentando-no-va-a-ver-nada-que-lo-pueda-parar","status":"publish","type":"post","link":"https:\/\/eldiariodesanpedro.com.ar\/sitio\/dr-tartaglione-si-los-casos-siguen-aumentando-no-va-a-ver-nada-que-lo-pueda-parar\/","title":{"rendered":"Dr. Tartaglione: \u00abSi los casos siguen aumentando no va a ver nada que lo pueda parar\u00bb"},"content":{"rendered":"<!-- VideographyWP Plugin Message: Automatic video embedding prevented by plugin options. -->\n\n<p>El reconocido profesional e integrante del equipo asesor del Presidente Alberto Fern\u00e1ndez, se prest\u00f3 a una entrevista en el aire de FM G\u00e9nesis donde se refiri\u00f3 al aumento de los casos de Covid y las graves consecuencias que pueden generar.<\/p>\n\n\n\n<p>Jorge Tartaglione, Presidente en Fundaci\u00f3n Cardiol\u00f3gica Argentina e integrante del equipo asesor de Presidencia de la Naci\u00f3n, habl\u00f3 en el aire de FM G\u00e9nesis y dio detalles de c\u00f3mo es la situaci\u00f3n sanitaria actual en todo el pa\u00eds.<\/p>\n\n\n\n<p>El profesional tiene un arraigo muy grande con esta regi\u00f3n ya que tiene una propiedad en la vecina ciudad de Baradero y est\u00e1 pendiente de todo lo que sucede tambi\u00e9n en nuestra ciudad.<\/p>\n\n\n\n<p>\u00abSiempre escucho las radios de San Pedro y Baradero porque estoy agobiado, no paro de hablar del tema\u00bb, comenz\u00f3 diciendo.<\/p>\n\n\n\n<p>\u00abVoy a dar algunos conceptos muy importantes: Esto tiene que ser una causa com\u00fan, si no es una causa com\u00fan no funciona. No importa si sos macrista o kirchnerista, tiene que ser una sola causa, cada uno de los sampedrinos tiene que preguntarse c\u00f3mo hacemos para ayudar porque estamos en el peor momento de la pandemia, y si los casos siguen aumentando, no va a ver nada que lo pueda parar, y tienen que ser muy importantes las medidas que se tomen, porque hasta ahora han sido insuficientes\u00bb, remarc\u00f3.<\/p>\n\n\n\n<p>\u00abEs decir que cada sampedrino ya sabe lo que tiene que hacer, que tiene que tomar distancia, que tiene que ventilar, lavarse las manos, usar el barbijo, el mensaje m\u00e1s concreto es que lo tenemos que hacer\u00bb.<\/p>\n\n\n\n<p>\u00abTiene que ser una causa com\u00fan, porque la Argentina no se puede dar el lujo de cerrar, porque es un pa\u00eds pobre y vacunas no va a ver, esa es la realidad\u00bb, se\u00f1al\u00f3 intranquilo.<\/p>\n\n\n\n<p>\u00abMe preocupa que tenemos casi colapsado el sistema sanitarios, el 95% de las terapias est\u00e1n ocupadas y el 80% de esos pacientes est\u00e1n entubados, y hay que tener gente que sepa\u00bb.<\/p>\n\n\n\n<p>\u00abYo soy muy optimista porque s\u00e9 que esto va a pasar, pero hay que superar el invierno. Sino no ponemos el hombro entre todos los argentinos, todos sabemos lo que tenemos que hacer, quedate en casa si podes, no salgas innecesariamente, y si sal\u00eds hacelo con todos los cuidados\u00bb, concluy\u00f3 Tartaglione. \u00a0<\/p>\n\n\n\n<p>Fuente: <a href=\"https:\/\/www.sanpedroinforma.com.ar\/nota\/124132\/sociedad\/dr-tartaglione-si-los-casos-siguen-aumentando-no-va-a-ver-nada-que-lo-pueda-parar.html\">San Pedro Informa<\/a><\/p>\n","protected":false},"excerpt":{"rendered":"<p>El reconocido profesional e integrante del equipo asesor del Presidente Alberto Fern\u00e1ndez, se prest\u00f3 a una entrevista en el aire de FM G\u00e9nesis donde se refiri\u00f3 al aumento de los casos de Covid y las graves consecuencias que pueden generar. Jorge Tartaglione, Presidente en Fundaci\u00f3n Cardiol\u00f3gica Argentina e integrante del equipo asesor de Presidencia de [&hellip;]<\/p>\n","protected":false},"author":4,"featured_media":90928,"comment_status":"open","ping_status":"closed","sticky":false,"template":"","format":"standard","meta":{"om_disable_all_campaigns":false,"_jetpack_memberships_contains_paid_content":false,"footnotes":""},"categories":[50,101,2],"tags":[],"class_list":["post-90927","post","type-post","status-publish","format-standard","has-post-thumbnail","hentry","category-destacadas","category-interes-general-locales","category-locales"],"aioseo_notices":[],"gutentor_comment":0,"jetpack_featured_media_url":"https:\/\/eldiariodesanpedro.com.ar\/sitio\/wp-content\/uploads\/2021\/04\/000090985.jpg","jetpack_shortlink":"https:\/\/wp.me\/p6RhLt-nEz","jetpack_sharing_enabled":true,"_links":{"self":[{"href":"https:\/\/eldiariodesanpedro.com.ar\/sitio\/wp-json\/wp\/v2\/posts\/90927","targetHints":{"allow":["GET"]}}],"collection":[{"href":"https:\/\/eldiariodesanpedro.com.ar\/sitio\/wp-json\/wp\/v2\/posts"}],"about":[{"href":"https:\/\/eldiariodesanpedro.com.ar\/sitio\/wp-json\/wp\/v2\/types\/post"}],"author":[{"embeddable":true,"href":"https:\/\/eldiariodesanpedro.com.ar\/sitio\/wp-json\/wp\/v2\/users\/4"}],"replies":[{"embeddable":true,"href":"https:\/\/eldiariodesanpedro.com.ar\/sitio\/wp-json\/wp\/v2\/comments?post=90927"}],"version-history":[{"count":1,"href":"https:\/\/eldiariodesanpedro.com.ar\/sitio\/wp-json\/wp\/v2\/posts\/90927\/revisions"}],"predecessor-version":[{"id":90929,"href":"https:\/\/eldiariodesanpedro.com.ar\/sitio\/wp-json\/wp\/v2\/posts\/90927\/revisions\/90929"}],"wp:featuredmedia":[{"embeddable":true,"href":"https:\/\/eldiariodesanpedro.com.ar\/sitio\/wp-json\/wp\/v2\/media\/90928"}],"wp:attachment":[{"href":"https:\/\/eldiariodesanpedro.com.ar\/sitio\/wp-json\/wp\/v2\/media?parent=90927"}],"wp:term":[{"taxonomy":"category","embeddable":true,"href":"https:\/\/eldiariodesanpedro.com.ar\/sitio\/wp-json\/wp\/v2\/categories?post=90927"},{"taxonomy":"post_tag","embeddable":true,"href":"https:\/\/eldiariodesanpedro.com.ar\/sitio\/wp-json\/wp\/v2\/tags?post=90927"}],"curies":[{"name":"wp","href":"https:\/\/api.w.org\/{rel}","templated":true}]}}