{"id":90918,"date":"2021-04-15T10:29:51","date_gmt":"2021-04-15T13:29:51","guid":{"rendered":"https:\/\/eldiariodesanpedro.com.ar\/sitio\/?p=90918"},"modified":"2021-04-15T10:40:39","modified_gmt":"2021-04-15T13:40:39","slug":"una-persona-detenida-por-el-abuso-de-una-nena-de-5-anos","status":"publish","type":"post","link":"https:\/\/eldiariodesanpedro.com.ar\/sitio\/una-persona-detenida-por-el-abuso-de-una-nena-de-5-anos\/","title":{"rendered":"Una persona detenida por el abuso de una nena de 5 a\u00f1os"},"content":{"rendered":"<!-- VideographyWP Plugin Message: Automatic video embedding prevented by plugin options. -->\n\n<p>Este mi\u00e9rcoles en horas de la tarde efectivos policiales de la DDI de San Pedro y Baradero llevo a cabo la detenci\u00f3n de un ciudad de 48 a\u00f1os sobre quien pesa una orden de detenci\u00f3n por el abuso sexual con acceso carnal de su propia hija de 5 a\u00f1os. <\/p>\n\n\n\n<p>Seg\u00fan se pudo conocer por parte de los efectivos de la DDI la detenci\u00f3n se realiza a partir de una denuncia realizada el pasado 12 de abril en la Comisaria de la Mujer y la Familia por parte de la abuela de la victima.<\/p>\n\n\n\n<p>El caso recay\u00f3 en la Fiscal\u00eda N\u00b0 11 de Viviana Ramos y esta caratulado como \u00ababuso sexual agravado con acceso carnal\u00bb quien solicit\u00f3 un allanamiento al Juzgado de Garant\u00edas N\u00b0 3 de San Nicol\u00e1s y fue avalado.<\/p>\n\n\n\n<p>Los efectivos de la DDI realizaron el allanamiento de una vivienda donde no se dio con el paradero de esta persona, pero tras averiguaciones horas mas tardes se lo logro interceptar en zona c\u00e9ntrica  en la esquina de Bartolom\u00e9 Mitre y Olivera Cesar.<\/p>\n","protected":false},"excerpt":{"rendered":"<p>Este mi\u00e9rcoles en horas de la tarde efectivos policiales de la DDI de San Pedro y Baradero llevo a cabo la detenci\u00f3n de un ciudad de 48 a\u00f1os sobre quien pesa una orden de detenci\u00f3n por el abuso sexual con acceso carnal de su propia hija de 5 a\u00f1os. Seg\u00fan se pudo conocer por parte [&hellip;]<\/p>\n","protected":false},"author":4,"featured_media":90919,"comment_status":"open","ping_status":"closed","sticky":false,"template":"","format":"standard","meta":{"om_disable_all_campaigns":false,"_jetpack_memberships_contains_paid_content":false,"footnotes":""},"categories":[50,2,103],"tags":[],"class_list":["post-90918","post","type-post","status-publish","format-standard","has-post-thumbnail","hentry","category-destacadas","category-locales","category-policiales-locales"],"aioseo_notices":[],"gutentor_comment":0,"jetpack_featured_media_url":"https:\/\/eldiariodesanpedro.com.ar\/sitio\/wp-content\/uploads\/2021\/04\/WhatsApp-Image-2021-04-14-at-19.16.05.jpeg","jetpack_shortlink":"https:\/\/wp.me\/p6RhLt-nEq","jetpack_sharing_enabled":true,"_links":{"self":[{"href":"https:\/\/eldiariodesanpedro.com.ar\/sitio\/wp-json\/wp\/v2\/posts\/90918","targetHints":{"allow":["GET"]}}],"collection":[{"href":"https:\/\/eldiariodesanpedro.com.ar\/sitio\/wp-json\/wp\/v2\/posts"}],"about":[{"href":"https:\/\/eldiariodesanpedro.com.ar\/sitio\/wp-json\/wp\/v2\/types\/post"}],"author":[{"embeddable":true,"href":"https:\/\/eldiariodesanpedro.com.ar\/sitio\/wp-json\/wp\/v2\/users\/4"}],"replies":[{"embeddable":true,"href":"https:\/\/eldiariodesanpedro.com.ar\/sitio\/wp-json\/wp\/v2\/comments?post=90918"}],"version-history":[{"count":4,"href":"https:\/\/eldiariodesanpedro.com.ar\/sitio\/wp-json\/wp\/v2\/posts\/90918\/revisions"}],"predecessor-version":[{"id":90926,"href":"https:\/\/eldiariodesanpedro.com.ar\/sitio\/wp-json\/wp\/v2\/posts\/90918\/revisions\/90926"}],"wp:featuredmedia":[{"embeddable":true,"href":"https:\/\/eldiariodesanpedro.com.ar\/sitio\/wp-json\/wp\/v2\/media\/90919"}],"wp:attachment":[{"href":"https:\/\/eldiariodesanpedro.com.ar\/sitio\/wp-json\/wp\/v2\/media?parent=90918"}],"wp:term":[{"taxonomy":"category","embeddable":true,"href":"https:\/\/eldiariodesanpedro.com.ar\/sitio\/wp-json\/wp\/v2\/categories?post=90918"},{"taxonomy":"post_tag","embeddable":true,"href":"https:\/\/eldiariodesanpedro.com.ar\/sitio\/wp-json\/wp\/v2\/tags?post=90918"}],"curies":[{"name":"wp","href":"https:\/\/api.w.org\/{rel}","templated":true}]}}