{"id":90916,"date":"2021-04-15T10:21:26","date_gmt":"2021-04-15T13:21:26","guid":{"rendered":"https:\/\/eldiariodesanpedro.com.ar\/sitio\/?p=90916"},"modified":"2021-04-15T10:21:31","modified_gmt":"2021-04-15T13:21:31","slug":"choque-entre-dos-motos-en-la-noche-de-miercoles","status":"publish","type":"post","link":"https:\/\/eldiariodesanpedro.com.ar\/sitio\/choque-entre-dos-motos-en-la-noche-de-miercoles\/","title":{"rendered":"Choque entre dos motos en la noche de mi\u00e9rcoles"},"content":{"rendered":"<!-- VideographyWP Plugin Message: Automatic video embedding prevented by plugin options. -->\n\n<p>Este mi\u00e9rcoles por la noche la polic\u00eda de nuestra ciudad se hizo presente en un accidente de tr\u00e1nsito donde hubo heridos en una colisi\u00f3n entre dos motos.<\/p>\n\n\n\n<p>El siniestro tuvo lugar en la calle H. Irigoyen y Pellegrini motivo se trata de establecer colisionan dos ambas eran conducidas por masculinos de 18 y 30 a\u00f1os de edad.&nbsp;<\/p>\n\n\n\n<p>Consecuencia ambos resultaron lesionados politraumatizados, siendo hospitalizados&nbsp;<\/p>\n\n\n\n<p>Ambos rodados fueron secuestrados y la polic\u00eda cient\u00edfica realiz\u00f3 las correspondientes&nbsp; pericias.- Intervenci\u00f3n UFI Nro. 07.-<\/p>\n","protected":false},"excerpt":{"rendered":"<p>Este mi\u00e9rcoles por la noche la polic\u00eda de nuestra ciudad se hizo presente en un accidente de tr\u00e1nsito donde hubo heridos en una colisi\u00f3n entre dos motos. El siniestro tuvo lugar en la calle H. Irigoyen y Pellegrini motivo se trata de establecer colisionan dos ambas eran conducidas por masculinos de 18 y 30 a\u00f1os [&hellip;]<\/p>\n","protected":false},"author":4,"featured_media":78843,"comment_status":"open","ping_status":"closed","sticky":false,"template":"","format":"standard","meta":{"om_disable_all_campaigns":false,"_jetpack_memberships_contains_paid_content":false,"footnotes":""},"categories":[2,103],"tags":[],"class_list":["post-90916","post","type-post","status-publish","format-standard","has-post-thumbnail","hentry","category-locales","category-policiales-locales"],"aioseo_notices":[],"gutentor_comment":0,"jetpack_featured_media_url":"https:\/\/eldiariodesanpedro.com.ar\/sitio\/wp-content\/uploads\/2020\/08\/0.jpg","jetpack_shortlink":"https:\/\/wp.me\/p6RhLt-nEo","jetpack_sharing_enabled":true,"_links":{"self":[{"href":"https:\/\/eldiariodesanpedro.com.ar\/sitio\/wp-json\/wp\/v2\/posts\/90916","targetHints":{"allow":["GET"]}}],"collection":[{"href":"https:\/\/eldiariodesanpedro.com.ar\/sitio\/wp-json\/wp\/v2\/posts"}],"about":[{"href":"https:\/\/eldiariodesanpedro.com.ar\/sitio\/wp-json\/wp\/v2\/types\/post"}],"author":[{"embeddable":true,"href":"https:\/\/eldiariodesanpedro.com.ar\/sitio\/wp-json\/wp\/v2\/users\/4"}],"replies":[{"embeddable":true,"href":"https:\/\/eldiariodesanpedro.com.ar\/sitio\/wp-json\/wp\/v2\/comments?post=90916"}],"version-history":[{"count":1,"href":"https:\/\/eldiariodesanpedro.com.ar\/sitio\/wp-json\/wp\/v2\/posts\/90916\/revisions"}],"predecessor-version":[{"id":90917,"href":"https:\/\/eldiariodesanpedro.com.ar\/sitio\/wp-json\/wp\/v2\/posts\/90916\/revisions\/90917"}],"wp:featuredmedia":[{"embeddable":true,"href":"https:\/\/eldiariodesanpedro.com.ar\/sitio\/wp-json\/wp\/v2\/media\/78843"}],"wp:attachment":[{"href":"https:\/\/eldiariodesanpedro.com.ar\/sitio\/wp-json\/wp\/v2\/media?parent=90916"}],"wp:term":[{"taxonomy":"category","embeddable":true,"href":"https:\/\/eldiariodesanpedro.com.ar\/sitio\/wp-json\/wp\/v2\/categories?post=90916"},{"taxonomy":"post_tag","embeddable":true,"href":"https:\/\/eldiariodesanpedro.com.ar\/sitio\/wp-json\/wp\/v2\/tags?post=90916"}],"curies":[{"name":"wp","href":"https:\/\/api.w.org\/{rel}","templated":true}]}}