{"id":90911,"date":"2021-04-15T09:59:50","date_gmt":"2021-04-15T12:59:50","guid":{"rendered":"https:\/\/eldiariodesanpedro.com.ar\/sitio\/?p=90911"},"modified":"2021-04-15T09:59:55","modified_gmt":"2021-04-15T12:59:55","slug":"un-joven-aprehendido-por-entrar-a-un-domicilio-de-su-pareja-sin-permiso","status":"publish","type":"post","link":"https:\/\/eldiariodesanpedro.com.ar\/sitio\/un-joven-aprehendido-por-entrar-a-un-domicilio-de-su-pareja-sin-permiso\/","title":{"rendered":"Un joven aprehendido por entrar a un domicilio de su pareja sin permiso"},"content":{"rendered":"<!-- VideographyWP Plugin Message: Automatic video embedding prevented by plugin options. -->\n\n<p>Este mi\u00e9rcoles la polic\u00eda de nuestra ciudad en calle Ansaloni al 1000, aprehende a masculino 23 a\u00f1os, quien se hace presente en domicilio de su ex pareja femenina de 20 a\u00f1os, y ante la negativa de la mujer en atenderlo\u00a0 ingreso a la predio mediante saltar un alambrado perimetral accediendo a la puerta de ingreso a la vivienda.<\/p>\n\n\n\n<p>La v\u00edctima asustada, convoc\u00f3 al personal policial y motiv\u00f3 el proceder policial, siendo asistida en la comisar\u00eda de la mujer local&nbsp; permaneci\u00f3 aprehendido en sede policial a disposici\u00f3n de la justicia local.<\/p>\n","protected":false},"excerpt":{"rendered":"<p>Este mi\u00e9rcoles la polic\u00eda de nuestra ciudad en calle Ansaloni al 1000, aprehende a masculino 23 a\u00f1os, quien se hace presente en domicilio de su ex pareja femenina de 20 a\u00f1os, y ante la negativa de la mujer en atenderlo\u00a0 ingreso a la predio mediante saltar un alambrado perimetral accediendo a la puerta de ingreso [&hellip;]<\/p>\n","protected":false},"author":4,"featured_media":90912,"comment_status":"open","ping_status":"closed","sticky":false,"template":"","format":"standard","meta":{"om_disable_all_campaigns":false,"_jetpack_memberships_contains_paid_content":false,"footnotes":""},"categories":[2,103],"tags":[],"class_list":["post-90911","post","type-post","status-publish","format-standard","has-post-thumbnail","hentry","category-locales","category-policiales-locales"],"aioseo_notices":[],"gutentor_comment":0,"jetpack_featured_media_url":"https:\/\/eldiariodesanpedro.com.ar\/sitio\/wp-content\/uploads\/2021\/04\/WhatsApp-Image-2021-04-15-at-09.29.48.jpeg","jetpack_shortlink":"https:\/\/wp.me\/p6RhLt-nEj","jetpack_sharing_enabled":true,"_links":{"self":[{"href":"https:\/\/eldiariodesanpedro.com.ar\/sitio\/wp-json\/wp\/v2\/posts\/90911","targetHints":{"allow":["GET"]}}],"collection":[{"href":"https:\/\/eldiariodesanpedro.com.ar\/sitio\/wp-json\/wp\/v2\/posts"}],"about":[{"href":"https:\/\/eldiariodesanpedro.com.ar\/sitio\/wp-json\/wp\/v2\/types\/post"}],"author":[{"embeddable":true,"href":"https:\/\/eldiariodesanpedro.com.ar\/sitio\/wp-json\/wp\/v2\/users\/4"}],"replies":[{"embeddable":true,"href":"https:\/\/eldiariodesanpedro.com.ar\/sitio\/wp-json\/wp\/v2\/comments?post=90911"}],"version-history":[{"count":1,"href":"https:\/\/eldiariodesanpedro.com.ar\/sitio\/wp-json\/wp\/v2\/posts\/90911\/revisions"}],"predecessor-version":[{"id":90913,"href":"https:\/\/eldiariodesanpedro.com.ar\/sitio\/wp-json\/wp\/v2\/posts\/90911\/revisions\/90913"}],"wp:featuredmedia":[{"embeddable":true,"href":"https:\/\/eldiariodesanpedro.com.ar\/sitio\/wp-json\/wp\/v2\/media\/90912"}],"wp:attachment":[{"href":"https:\/\/eldiariodesanpedro.com.ar\/sitio\/wp-json\/wp\/v2\/media?parent=90911"}],"wp:term":[{"taxonomy":"category","embeddable":true,"href":"https:\/\/eldiariodesanpedro.com.ar\/sitio\/wp-json\/wp\/v2\/categories?post=90911"},{"taxonomy":"post_tag","embeddable":true,"href":"https:\/\/eldiariodesanpedro.com.ar\/sitio\/wp-json\/wp\/v2\/tags?post=90911"}],"curies":[{"name":"wp","href":"https:\/\/api.w.org\/{rel}","templated":true}]}}