{"id":90908,"date":"2021-04-15T09:50:36","date_gmt":"2021-04-15T12:50:36","guid":{"rendered":"https:\/\/eldiariodesanpedro.com.ar\/sitio\/?p=90908"},"modified":"2021-04-15T09:50:40","modified_gmt":"2021-04-15T12:50:40","slug":"un-detenido-por-venta-de-estupefacientes","status":"publish","type":"post","link":"https:\/\/eldiariodesanpedro.com.ar\/sitio\/un-detenido-por-venta-de-estupefacientes\/","title":{"rendered":"Un detenido por venta de estupefacientes"},"content":{"rendered":"<!-- VideographyWP Plugin Message: Automatic video embedding prevented by plugin options. -->\n\n<p>En horas de la tarde el personal policial en Callej\u00f3n Asersa S\/N, Gobernador Castro, procede&nbsp; la detenci\u00f3n de masculino de 28 a\u00f1os oriundo de la ciudad de San Nicol\u00e1s, quien registra pedido captura Activa desde enero del corriente a\u00f1o en orden al delito de tenencia de estupefacientes con fines de comercializaci\u00f3n (Ley 23.737) a requerimiento Juzgado Garant\u00edas N\u00ba 2, DE San Nicol\u00e1s.<\/p>\n\n\n\n<p>El mismo permanece alojado en sede policial en virtud de interesar su detenci\u00f3n.<\/p>\n","protected":false},"excerpt":{"rendered":"<p>En horas de la tarde el personal policial en Callej\u00f3n Asersa S\/N, Gobernador Castro, procede&nbsp; la detenci\u00f3n de masculino de 28 a\u00f1os oriundo de la ciudad de San Nicol\u00e1s, quien registra pedido captura Activa desde enero del corriente a\u00f1o en orden al delito de tenencia de estupefacientes con fines de comercializaci\u00f3n (Ley 23.737) a requerimiento [&hellip;]<\/p>\n","protected":false},"author":4,"featured_media":90909,"comment_status":"open","ping_status":"closed","sticky":false,"template":"","format":"standard","meta":{"om_disable_all_campaigns":false,"_jetpack_memberships_contains_paid_content":false,"footnotes":""},"categories":[2,103],"tags":[],"class_list":["post-90908","post","type-post","status-publish","format-standard","has-post-thumbnail","hentry","category-locales","category-policiales-locales"],"aioseo_notices":[],"gutentor_comment":0,"jetpack_featured_media_url":"https:\/\/eldiariodesanpedro.com.ar\/sitio\/wp-content\/uploads\/2021\/04\/WhatsApp-Image-2021-04-15-at-09.30.24.jpeg","jetpack_shortlink":"https:\/\/wp.me\/p6RhLt-nEg","jetpack_sharing_enabled":true,"_links":{"self":[{"href":"https:\/\/eldiariodesanpedro.com.ar\/sitio\/wp-json\/wp\/v2\/posts\/90908","targetHints":{"allow":["GET"]}}],"collection":[{"href":"https:\/\/eldiariodesanpedro.com.ar\/sitio\/wp-json\/wp\/v2\/posts"}],"about":[{"href":"https:\/\/eldiariodesanpedro.com.ar\/sitio\/wp-json\/wp\/v2\/types\/post"}],"author":[{"embeddable":true,"href":"https:\/\/eldiariodesanpedro.com.ar\/sitio\/wp-json\/wp\/v2\/users\/4"}],"replies":[{"embeddable":true,"href":"https:\/\/eldiariodesanpedro.com.ar\/sitio\/wp-json\/wp\/v2\/comments?post=90908"}],"version-history":[{"count":1,"href":"https:\/\/eldiariodesanpedro.com.ar\/sitio\/wp-json\/wp\/v2\/posts\/90908\/revisions"}],"predecessor-version":[{"id":90910,"href":"https:\/\/eldiariodesanpedro.com.ar\/sitio\/wp-json\/wp\/v2\/posts\/90908\/revisions\/90910"}],"wp:featuredmedia":[{"embeddable":true,"href":"https:\/\/eldiariodesanpedro.com.ar\/sitio\/wp-json\/wp\/v2\/media\/90909"}],"wp:attachment":[{"href":"https:\/\/eldiariodesanpedro.com.ar\/sitio\/wp-json\/wp\/v2\/media?parent=90908"}],"wp:term":[{"taxonomy":"category","embeddable":true,"href":"https:\/\/eldiariodesanpedro.com.ar\/sitio\/wp-json\/wp\/v2\/categories?post=90908"},{"taxonomy":"post_tag","embeddable":true,"href":"https:\/\/eldiariodesanpedro.com.ar\/sitio\/wp-json\/wp\/v2\/tags?post=90908"}],"curies":[{"name":"wp","href":"https:\/\/api.w.org\/{rel}","templated":true}]}}