{"id":90905,"date":"2021-04-15T09:44:16","date_gmt":"2021-04-15T12:44:16","guid":{"rendered":"https:\/\/eldiariodesanpedro.com.ar\/sitio\/?p=90905"},"modified":"2021-04-15T09:44:21","modified_gmt":"2021-04-15T12:44:21","slug":"la-secretaria-de-desarrollo-economico-informa-dos-programas-de-financiacion-vigentes-del-ministerio-de-desarrollo-productivo-de-la-nacion","status":"publish","type":"post","link":"https:\/\/eldiariodesanpedro.com.ar\/sitio\/la-secretaria-de-desarrollo-economico-informa-dos-programas-de-financiacion-vigentes-del-ministerio-de-desarrollo-productivo-de-la-nacion\/","title":{"rendered":"La Secretar\u00eda de Desarrollo Econ\u00f3mico informa dos programas de financiaci\u00f3n vigentes del Ministerio de Desarrollo Productivo de la Naci\u00f3n"},"content":{"rendered":"<!-- VideographyWP Plugin Message: Automatic video embedding prevented by plugin options. -->\n\n<ul class=\"wp-block-list\"><li>Escalar Emprendedores<\/li><\/ul>\n\n\n\n<p>Si sos emprendedor y ten\u00e9s un proyecto orientado al desarrollo de tecnolog\u00edas, mejoras de infraestructura, mejora de procesos, obtenci\u00f3n de certificaciones o habilitaciones entre otros, te invitamos a acceder al Programa.<\/p>\n\n\n\n<p>Los cr\u00e9ditos son a tasa fija del 0% y contar\u00e1n con 6 meses de gracia y un plazo para cancelar de 5 a\u00f1os. Los montos van desde los 3 hasta los 15 millones de pesos.<\/p>\n\n\n\n<p>Est\u00e1 dirigido a personas humanas, personas jur\u00eddicas que sean micro, peque\u00f1a o mediana empresas, que no excedan los 7 a\u00f1os de inscripci\u00f3n en la AFIP al momento de presentar el proyecto y que cuenten con Certificado Pyme vigente. Tienen tiempo para postularse hasta el pr\u00f3ximo 3 de mayo.<\/p>\n\n\n\n<p>Para m\u00e1s informaci\u00f3n o inscripci\u00f3n al Programa \u201cEscalar Emprendedores\u201d dir\u00edjase al siguiente link: <a href=\"https:\/\/www.argentina.gob.ar\/acceder-a-escalar-emprendedores\">https:\/\/www.argentina.gob.ar\/acceder-a-escalar-emprendedores<\/a><\/p>\n\n\n\n<ul class=\"wp-block-list\"><li>Cr\u00e9ditos para la Inversi\u00f3n Productiva del FONDEP<\/li><\/ul>\n\n\n\n<p>Est\u00e1 dirigido a empresas unipersonales, cooperativas, sociedades an\u00f3nimas, SRL y otras organizaciones (quedan exceptuados monotributo). Se destinar\u00e1 un cupo del 20% a empresas lideradas o de propiedad de mujeres.<\/p>\n\n\n\n<p>Son cr\u00e9ditos desde 200 mil a 15 millones de pesos a tasa fija del 18% con un a\u00f1o de gracia y un plazo para cancelar de hasta 7 a\u00f1os (incluido el periodo de gracia). Se financia el 80% del proyecto mientras que el 20% restante quedar\u00e1 a cargo de la empresa solicitante.<\/p>\n\n\n\n<p>Deben tener como m\u00ednimo 12 meses de facturaci\u00f3n comprobable y que encuadre en las siguientes actividades: industria, servicios industriales, agroindustria, petr\u00f3leo y gas, metalmec\u00e1nica, textil y calzado, autopartista. Tienen tiempo para postularse hasta el 30 de junio.<\/p>\n\n\n\n<p>Para m\u00e1s informaci\u00f3n o inscripci\u00f3n al Programa \u201cCr\u00e9ditos para la inversi\u00f3n productiva\u201d dir\u00edjase al siguiente link: <a href=\"https:\/\/www.argentina.gob.ar\/solicitar-creditos-para-inversion-productiva\">https:\/\/www.argentina.gob.ar\/solicitar-creditos-para-inversion-productiva<\/a><\/p>\n","protected":false},"excerpt":{"rendered":"<p>Escalar Emprendedores Si sos emprendedor y ten\u00e9s un proyecto orientado al desarrollo de tecnolog\u00edas, mejoras de infraestructura, mejora de procesos, obtenci\u00f3n de certificaciones o habilitaciones entre otros, te invitamos a acceder al Programa. Los cr\u00e9ditos son a tasa fija del 0% y contar\u00e1n con 6 meses de gracia y un plazo para cancelar de 5 [&hellip;]<\/p>\n","protected":false},"author":4,"featured_media":90906,"comment_status":"open","ping_status":"closed","sticky":false,"template":"","format":"standard","meta":{"om_disable_all_campaigns":false,"_jetpack_memberships_contains_paid_content":false,"footnotes":""},"categories":[101,2],"tags":[],"class_list":["post-90905","post","type-post","status-publish","format-standard","has-post-thumbnail","hentry","category-interes-general-locales","category-locales"],"aioseo_notices":[],"gutentor_comment":0,"jetpack_featured_media_url":"https:\/\/eldiariodesanpedro.com.ar\/sitio\/wp-content\/uploads\/2021\/04\/WhatsApp-Image-2021-04-15-at-09.25.10.jpeg","jetpack_shortlink":"https:\/\/wp.me\/p6RhLt-nEd","jetpack_sharing_enabled":true,"_links":{"self":[{"href":"https:\/\/eldiariodesanpedro.com.ar\/sitio\/wp-json\/wp\/v2\/posts\/90905","targetHints":{"allow":["GET"]}}],"collection":[{"href":"https:\/\/eldiariodesanpedro.com.ar\/sitio\/wp-json\/wp\/v2\/posts"}],"about":[{"href":"https:\/\/eldiariodesanpedro.com.ar\/sitio\/wp-json\/wp\/v2\/types\/post"}],"author":[{"embeddable":true,"href":"https:\/\/eldiariodesanpedro.com.ar\/sitio\/wp-json\/wp\/v2\/users\/4"}],"replies":[{"embeddable":true,"href":"https:\/\/eldiariodesanpedro.com.ar\/sitio\/wp-json\/wp\/v2\/comments?post=90905"}],"version-history":[{"count":1,"href":"https:\/\/eldiariodesanpedro.com.ar\/sitio\/wp-json\/wp\/v2\/posts\/90905\/revisions"}],"predecessor-version":[{"id":90907,"href":"https:\/\/eldiariodesanpedro.com.ar\/sitio\/wp-json\/wp\/v2\/posts\/90905\/revisions\/90907"}],"wp:featuredmedia":[{"embeddable":true,"href":"https:\/\/eldiariodesanpedro.com.ar\/sitio\/wp-json\/wp\/v2\/media\/90906"}],"wp:attachment":[{"href":"https:\/\/eldiariodesanpedro.com.ar\/sitio\/wp-json\/wp\/v2\/media?parent=90905"}],"wp:term":[{"taxonomy":"category","embeddable":true,"href":"https:\/\/eldiariodesanpedro.com.ar\/sitio\/wp-json\/wp\/v2\/categories?post=90905"},{"taxonomy":"post_tag","embeddable":true,"href":"https:\/\/eldiariodesanpedro.com.ar\/sitio\/wp-json\/wp\/v2\/tags?post=90905"}],"curies":[{"name":"wp","href":"https:\/\/api.w.org\/{rel}","templated":true}]}}