{"id":90901,"date":"2021-04-14T20:13:53","date_gmt":"2021-04-14T23:13:53","guid":{"rendered":"https:\/\/eldiariodesanpedro.com.ar\/sitio\/?p=90901"},"modified":"2021-04-14T20:13:57","modified_gmt":"2021-04-14T23:13:57","slug":"se-disparan-los-casos-en-san-pedro-142-activos-por-15-negativos-y-11-positivos-nuevos","status":"publish","type":"post","link":"https:\/\/eldiariodesanpedro.com.ar\/sitio\/se-disparan-los-casos-en-san-pedro-142-activos-por-15-negativos-y-11-positivos-nuevos\/","title":{"rendered":"Se disparan los casos en San Pedro, 142 activos, por 15 negativos y 11 positivos nuevos"},"content":{"rendered":"<!-- VideographyWP Plugin Message: Automatic video embedding prevented by plugin options. -->\n\n<p>La Secretar\u00eda de Salud de la Municipalidad de San Pedro brinda el informe para la actualizaci\u00f3n de datos, en el seguimiento de la Pandemia de Covid-19.<\/p>\n\n\n\n<p>Se recibieron nuevos resultados del \u00faltimo env\u00edo de muestras con 15 negativos y 11 positivos. Recordemos que como se inform\u00f3 en el reporte de esta ma\u00f1ana, se enviaron 45 muestras m\u00e1s para ser analizadas.<br>Cuando se reciban los resultados ser\u00e1n comunicados. Queda 1 muestra pendiente de env\u00edos anteriores.<\/p>\n\n\n\n<p>Los positivos est\u00e1n divididos en:<\/p>\n\n\n\n<ul class=\"wp-block-list\"><li>5 mujeres de 25, 32, 44, 51 y 85 a\u00f1os.<\/li><li>6 hombres de 16, 27, 29, 48, 52 y 72 a\u00f1os.<\/li><li>En el d\u00eda de hoy, se inform\u00f3 el fallecimiento de la Sra. Elsa Nora Ferraris de 85 a\u00f1os, internada con COVID 19 positivo. Su deceso se convierte en el N\u00b0 89 desde el inicio de la Pandemia.<\/li><\/ul>\n\n\n\n<p>Resumen actualizado de informaci\u00f3n oficial<\/p>\n\n\n\n<p>Positivos desde el inicio de la Pandemia: 2690<\/p>\n\n\n\n<p>Activos: 142<\/p>\n\n\n\n<p>Recuperados: 2459<\/p>\n\n\n\n<p>Fallecidos: 89<\/p>\n\n\n\n<p>Negativos desde el inicio de la Pandemia: 4276<\/p>\n\n\n\n<p>Los datos consignados en este informe corresponden a casos analizados a trav\u00e9s hisopados realizados en los \u00abconsultorios amarillos\u00bb analizados por el Laboratorio Central Lab y testeos r\u00e1pidos efectuados en el Laboratorio del Hospital.<\/p>\n\n\n\n<p>&#x1f449; Usar tapabocas.<br>&#x1f449; Mantener la distancia m\u00ednima de 2 metros.<br>&#x1f449; Extremar la higiene de los espacios.<br>&#x1f449; Mantener las manos limpias.<\/p>\n\n\n\n<p>Se recuerda que, ante s\u00edntomas de tos seca, fiebre y dolor de garganta se puede llamar al 148 o 107<\/p>\n","protected":false},"excerpt":{"rendered":"<p>La Secretar\u00eda de Salud de la Municipalidad de San Pedro brinda el informe para la actualizaci\u00f3n de datos, en el seguimiento de la Pandemia de Covid-19. Se recibieron nuevos resultados del \u00faltimo env\u00edo de muestras con 15 negativos y 11 positivos. Recordemos que como se inform\u00f3 en el reporte de esta ma\u00f1ana, se enviaron 45 [&hellip;]<\/p>\n","protected":false},"author":4,"featured_media":78201,"comment_status":"open","ping_status":"closed","sticky":false,"template":"","format":"standard","meta":{"om_disable_all_campaigns":false,"_jetpack_memberships_contains_paid_content":false,"footnotes":""},"categories":[50,101,2],"tags":[],"class_list":["post-90901","post","type-post","status-publish","format-standard","has-post-thumbnail","hentry","category-destacadas","category-interes-general-locales","category-locales"],"aioseo_notices":[],"gutentor_comment":0,"jetpack_featured_media_url":"https:\/\/eldiariodesanpedro.com.ar\/sitio\/wp-content\/uploads\/2020\/07\/coronavirus-positivo2-k7sF-620x349@abc.jpg","jetpack_shortlink":"https:\/\/wp.me\/p6RhLt-nE9","jetpack_sharing_enabled":true,"_links":{"self":[{"href":"https:\/\/eldiariodesanpedro.com.ar\/sitio\/wp-json\/wp\/v2\/posts\/90901","targetHints":{"allow":["GET"]}}],"collection":[{"href":"https:\/\/eldiariodesanpedro.com.ar\/sitio\/wp-json\/wp\/v2\/posts"}],"about":[{"href":"https:\/\/eldiariodesanpedro.com.ar\/sitio\/wp-json\/wp\/v2\/types\/post"}],"author":[{"embeddable":true,"href":"https:\/\/eldiariodesanpedro.com.ar\/sitio\/wp-json\/wp\/v2\/users\/4"}],"replies":[{"embeddable":true,"href":"https:\/\/eldiariodesanpedro.com.ar\/sitio\/wp-json\/wp\/v2\/comments?post=90901"}],"version-history":[{"count":1,"href":"https:\/\/eldiariodesanpedro.com.ar\/sitio\/wp-json\/wp\/v2\/posts\/90901\/revisions"}],"predecessor-version":[{"id":90902,"href":"https:\/\/eldiariodesanpedro.com.ar\/sitio\/wp-json\/wp\/v2\/posts\/90901\/revisions\/90902"}],"wp:featuredmedia":[{"embeddable":true,"href":"https:\/\/eldiariodesanpedro.com.ar\/sitio\/wp-json\/wp\/v2\/media\/78201"}],"wp:attachment":[{"href":"https:\/\/eldiariodesanpedro.com.ar\/sitio\/wp-json\/wp\/v2\/media?parent=90901"}],"wp:term":[{"taxonomy":"category","embeddable":true,"href":"https:\/\/eldiariodesanpedro.com.ar\/sitio\/wp-json\/wp\/v2\/categories?post=90901"},{"taxonomy":"post_tag","embeddable":true,"href":"https:\/\/eldiariodesanpedro.com.ar\/sitio\/wp-json\/wp\/v2\/tags?post=90901"}],"curies":[{"name":"wp","href":"https:\/\/api.w.org\/{rel}","templated":true}]}}