{"id":90898,"date":"2021-04-14T20:04:04","date_gmt":"2021-04-14T23:04:04","guid":{"rendered":"https:\/\/eldiariodesanpedro.com.ar\/sitio\/?p=90898"},"modified":"2021-04-14T20:04:08","modified_gmt":"2021-04-14T23:04:08","slug":"san-pedro-no-estaria-dentro-de-los-municipios-donde-se-restringiria-la-circulacion-de-20-a-6","status":"publish","type":"post","link":"https:\/\/eldiariodesanpedro.com.ar\/sitio\/san-pedro-no-estaria-dentro-de-los-municipios-donde-se-restringiria-la-circulacion-de-20-a-6\/","title":{"rendered":"San Pedro no estar\u00eda dentro de los municipios donde se restringir\u00eda la circulaci\u00f3n de 20 a 6"},"content":{"rendered":"<!-- VideographyWP Plugin Message: Automatic video embedding prevented by plugin options. -->\n\n<p>El Gobierno nacional define por estas horas las nuevas restricciones que regir\u00e1n desde este jueves. Los detalles.<\/p>\n\n\n\n<p><strong>Aunque los detalles se oficializar\u00e1n en las pr\u00f3ximas horas, el\u00a0Gobierno nacional\u00a0habr\u00eda definido\u00a0restringir\u00a0la circulaci\u00f3n entre las 20 y las 6 de la ma\u00f1ana en los\u00a0distritos\u00a0de alto riesgo para reducir el impacto de la\u00a0segunda ola\u00a0de coronavirus. \u00a0<\/strong><\/p>\n\n\n\n<p>Adem\u00e1s,\u00a0<strong>se suspender\u00edan todas las actividades sociales, culturales, deportivas y la gastronom\u00eda por los pr\u00f3ximos 15 d\u00edas, por lo que se eval\u00faa otorgar ayudas econ\u00f3micas para amortiguar el impacto de la suspensi\u00f3n.<\/strong><\/p>\n\n\n\n<p>Los detalles, <strong>los est\u00e1n definiendo por estas horas el presidente Alberto Fern\u00e1ndez, el jefe de Gabinete, Santiago Cafiero, y la ministra de Salud, Carla Vizzotti, desde la Quinta de Olivos.<\/strong><\/p>\n\n\n\n<p><strong>En territorio bonaerense, las nuevas restricciones regir\u00edan en aquellos distritos que se encuentra en fase 3. Hoy son 66 los municipios que presentan \u201criesgo epidemiol\u00f3gico alto\u201d y deber\u00edan acogerse a las nuevas reglas.<\/strong><\/p>\n\n\n\n<h4 class=\"wp-block-heading\"><strong>Los municipios y localidades en fase 3<\/strong><\/h4>\n\n\n\n<p>\u2022 Almirante Brown<br>\u2022 Avellaneda\u00a0<br>\u2022 Azul\u00a0<br>\u2022 Balcarce\u00a0<br>\u2022 Berazategui\u00a0<br>\u2022 Berisso\u00a0<br>\u2022 Bol\u00edvar<br>\u2022 Brandsen\u00a0<br>\u2022 Campana\u00a0<br>\u2022 Ca\u00f1uelas\u00a0<br>\u2022 Castelli<br>\u2022 Chacabuco<br>\u2022 Chivilcoy\u00a0<br>\u2022 Daireaux\u00a0\u00a0<br>\u2022 Ensenada<br>\u2022 Escobar\u00a0<br>\u2022 Esteban Echeverr\u00eda<br>\u2022 Exaltaci\u00f3n de la Cruz<br>\u2022 Ezeiza<br>\u2022 Florencio Varela<br>\u2022 General Alvarado<br>\u2022 General Las Heras<br>\u2022 General Paz<br>\u2022 General Rodr\u00edguez\u00a0<br>\u2022 General San Mart\u00edn<br>\u2022 General Villegas\u00a0\u00a0<br>\u2022 Hurlingham\u00a0<br>\u2022 Ituzaing\u00f3\u00a0\u00a0<br>\u2022 Jos\u00e9 C. Paz\u00a0<br>\u2022 La Costa\u00a0\u00a0<br>\u2022 La Matanza\u00a0<br>\u2022 La Plata<br>\u2022 Lan\u00fas\u00a0<br>\u2022 Lincoln\u00a0<br>\u2022 Lomas de Zamora<br>\u2022 Luj\u00e1n\u00a0<br>\u2022 Malvinas Argentinas<br>\u2022 Mar Chiquita\u00a0\u00a0<br>\u2022 Marcos Paz\u00a0<br>\u2022 Mercedes\u00a0<br>\u2022 Merlo\u00a0<br>\u2022 Monte<br>\u2022 Monte Hermoso\u00a0\u00a0<br>\u2022 Moreno\u00a0<br>\u2022 Mor\u00f3n\u00a0<br>\u2022 Olavarr\u00eda\u00a0\u00a0<br>\u2022 Pergamino\u00a0<br>\u2022 Pilar\u00a0<br>\u2022 Presidente Per\u00f3n<br>\u2022 Punta Indio<br>\u2022 Quilmes\u00a0<br>\u2022 Rauch<br>\u2022 San Cayetano<br>\u2022 San Fernando<br>\u2022 San Isidro\u00a0<br>\u2022 San Miguel\u00a0<br>\u2022 San Vicente\u00a0<br>\u2022 Suipacha<br>\u2022 Tandil\u00a0<br>\u2022 Tigre\u00a0<br>\u2022 Trenque Lauquen<br>\u2022 Tres de Febrero<br>\u2022 Tres Lomas\u00a0\u00a0<br>\u2022 Vicente L\u00f3pez<br>\u2022 Villa Gesell<br>\u2022 Z\u00e1rate<br>\u00a0<\/p>\n\n\n\n<h4 class=\"wp-block-heading\">Restricciones en m\u00e1s provincias&nbsp;<\/h4>\n\n\n\n<p><strong>En C\u00f3rdoba:<\/strong><\/p>\n\n\n\n<ul class=\"wp-block-list\"><li>Calamuchita<\/li><li>Ju\u00e1rez Celman<\/li><li>San Alberto<\/li><li>Tercero Arriba<\/li><li>Capital<\/li><li>San Justo<\/li><li>Uni\u00f3n<\/li><\/ul>\n\n\n\n<p><strong>En Mendoza:<\/strong><\/p>\n\n\n\n<ul class=\"wp-block-list\"><li>Maip\u00fa<\/li><li>Godoy Cruz<\/li><li>San Mart\u00edn<\/li><li>Capital<\/li><li>Rivadavia<\/li><li>Luj\u00e1n de Cuyo<\/li><\/ul>\n\n\n\n<p><strong>En Chaco:<\/strong><\/p>\n\n\n\n<ul class=\"wp-block-list\"><li>Comandante Fern\u00e1ndez<\/li><li>Mayor Luis J. Fontana.<\/li><\/ul>\n\n\n\n<p><strong>En Santa Fe:<\/strong><\/p>\n\n\n\n<ul class=\"wp-block-list\"><li>Rosario<\/li><li>Belgrano<\/li><li>Castellanos<\/li><li>San Lorenzo<\/li><li>Caseros.<\/li><\/ul>\n\n\n\n<p><strong>En Tucum\u00e1n:<\/strong><\/p>\n\n\n\n<ul class=\"wp-block-list\"><li>Taf\u00ed Viejo<\/li><li>San Miguel de Tucum\u00e1n<\/li><li>Leales<\/li><li>Yerba Buena<\/li><li>Lules<\/li><\/ul>\n\n\n\n<p><strong>En Entre R\u00edos:<\/strong><\/p>\n\n\n\n<ul class=\"wp-block-list\"><li>Gualeguay<\/li><li>Gualeguaych\u00fa<\/li><li>Col\u00f3n<\/li><li>Diamante<\/li><li>Uruguay<\/li><\/ul>\n\n\n\n<p><strong>En San Juan:<\/strong><\/p>\n\n\n\n<ul class=\"wp-block-list\"><li>Capital<\/li><li>Rivadavia<\/li><li>Santa Luc\u00eda<\/li><\/ul>\n\n\n\n<p><strong>En Corrientes:<\/strong><\/p>\n\n\n\n<ul class=\"wp-block-list\"><li>Curuz\u00fa Cuati\u00e1<\/li><li>Santo Tom\u00e9<\/li><\/ul>\n\n\n\n<p><strong>En Misiones:<\/strong><\/p>\n\n\n\n<ul class=\"wp-block-list\"><li>Ap\u00f3stoles<\/li><li>Guaran\u00ed<\/li><li>Montecarlo<\/li><\/ul>\n\n\n\n<p><strong>En Tierra del Fuego:<\/strong><\/p>\n\n\n\n<ul class=\"wp-block-list\"><li>Ushuaia<\/li><li>R\u00edo Grande<\/li><\/ul>\n\n\n\n<p><strong>En San Luis:<\/strong><\/p>\n\n\n\n<ul class=\"wp-block-list\"><li>General Pedernera<\/li><\/ul>\n\n\n\n<p><strong>En Formosa:<\/strong><\/p>\n\n\n\n<ul class=\"wp-block-list\"><li>Pilcomayo<\/li><\/ul>\n\n\n\n<p><strong>En Santiago del Estero:<\/strong><\/p>\n\n\n\n<ul class=\"wp-block-list\"><li>Capital<\/li><\/ul>\n\n\n\n<p>Fuente: <a href=\"https:\/\/diputadosbsas.com.ar\/nota\/18794\/cuales_serian_los_municipios_donde_se_restringiria_la_circulacion_de_20_a_6_de_la_manana\/?notific\">Diputados Bonaerenses<\/a><\/p>\n","protected":false},"excerpt":{"rendered":"<p>El Gobierno nacional define por estas horas las nuevas restricciones que regir\u00e1n desde este jueves. Los detalles. Aunque los detalles se oficializar\u00e1n en las pr\u00f3ximas horas, el\u00a0Gobierno nacional\u00a0habr\u00eda definido\u00a0restringir\u00a0la circulaci\u00f3n entre las 20 y las 6 de la ma\u00f1ana en los\u00a0distritos\u00a0de alto riesgo para reducir el impacto de la\u00a0segunda ola\u00a0de coronavirus. \u00a0 Adem\u00e1s,\u00a0se suspender\u00edan todas [&hellip;]<\/p>\n","protected":false},"author":4,"featured_media":90899,"comment_status":"open","ping_status":"closed","sticky":false,"template":"","format":"standard","meta":{"om_disable_all_campaigns":false,"_jetpack_memberships_contains_paid_content":false,"footnotes":""},"categories":[50,101,2],"tags":[],"class_list":["post-90898","post","type-post","status-publish","format-standard","has-post-thumbnail","hentry","category-destacadas","category-interes-general-locales","category-locales"],"aioseo_notices":[],"gutentor_comment":0,"jetpack_featured_media_url":"https:\/\/eldiariodesanpedro.com.ar\/sitio\/wp-content\/uploads\/2021\/04\/20210414192745_sps3pjecfjaf5hsxtajb4jql2e.jpg","jetpack_shortlink":"https:\/\/wp.me\/p6RhLt-nE6","jetpack_sharing_enabled":true,"_links":{"self":[{"href":"https:\/\/eldiariodesanpedro.com.ar\/sitio\/wp-json\/wp\/v2\/posts\/90898","targetHints":{"allow":["GET"]}}],"collection":[{"href":"https:\/\/eldiariodesanpedro.com.ar\/sitio\/wp-json\/wp\/v2\/posts"}],"about":[{"href":"https:\/\/eldiariodesanpedro.com.ar\/sitio\/wp-json\/wp\/v2\/types\/post"}],"author":[{"embeddable":true,"href":"https:\/\/eldiariodesanpedro.com.ar\/sitio\/wp-json\/wp\/v2\/users\/4"}],"replies":[{"embeddable":true,"href":"https:\/\/eldiariodesanpedro.com.ar\/sitio\/wp-json\/wp\/v2\/comments?post=90898"}],"version-history":[{"count":1,"href":"https:\/\/eldiariodesanpedro.com.ar\/sitio\/wp-json\/wp\/v2\/posts\/90898\/revisions"}],"predecessor-version":[{"id":90900,"href":"https:\/\/eldiariodesanpedro.com.ar\/sitio\/wp-json\/wp\/v2\/posts\/90898\/revisions\/90900"}],"wp:featuredmedia":[{"embeddable":true,"href":"https:\/\/eldiariodesanpedro.com.ar\/sitio\/wp-json\/wp\/v2\/media\/90899"}],"wp:attachment":[{"href":"https:\/\/eldiariodesanpedro.com.ar\/sitio\/wp-json\/wp\/v2\/media?parent=90898"}],"wp:term":[{"taxonomy":"category","embeddable":true,"href":"https:\/\/eldiariodesanpedro.com.ar\/sitio\/wp-json\/wp\/v2\/categories?post=90898"},{"taxonomy":"post_tag","embeddable":true,"href":"https:\/\/eldiariodesanpedro.com.ar\/sitio\/wp-json\/wp\/v2\/tags?post=90898"}],"curies":[{"name":"wp","href":"https:\/\/api.w.org\/{rel}","templated":true}]}}