{"id":90883,"date":"2021-04-14T17:30:13","date_gmt":"2021-04-14T20:30:13","guid":{"rendered":"https:\/\/eldiariodesanpedro.com.ar\/sitio\/?p=90883"},"modified":"2021-04-14T17:45:07","modified_gmt":"2021-04-14T20:45:07","slug":"dos-motos-colisionaron-una-de-ella-hacia-willy-y-choco-a-la-otra-dos-personas-heridas","status":"publish","type":"post","link":"https:\/\/eldiariodesanpedro.com.ar\/sitio\/dos-motos-colisionaron-una-de-ella-hacia-willy-y-choco-a-la-otra-dos-personas-heridas\/","title":{"rendered":"Dos motos colisionaron: una de ella hacia \u00abwilly\u00bb y choco a la otra, dos personas heridas"},"content":{"rendered":"<!-- VideographyWP Plugin Message: Automatic video embedding prevented by plugin options. -->\n\n<p>En la tarde de este mi\u00e9rcoles dos motocicletas de tipo Cross colisionaron en cercan\u00edas del puente colgante ubicado en la baja del Boulevard donde por escapar de los inspectores de transito una de las motos que la iba \u00abcolgando\u00bb  choca a otra que venia en la mano contraria.<\/p>\n\n\n\n<p>El siniestro involucro a una motocicleta marca Honda 150 tipo Cross en la que circulaba un joven y una joven  los cuales iba realizando una maniobra peligrosa tipo conocida como \u00abwilly\u00bb llevando el veh\u00edculo sobre una rueda, en un momento el conductor pierde el control del rodado impactando a otra motocicleta marca Honda 150c cc tambi\u00e9n tipo Cross en la que se encontraban dos chicas que estaban estacionadas por bajar.<\/p>\n\n\n\n<p>En el lugar se tuvo que hacer presentes una ambulancia del SAME para trasladar al joven conductor de la primera moto y a la acompa\u00f1ante de la segunda.<\/p>\n\n\n\n<p>Seg\u00fan se pudo determinar por los testigos el conductor de la moto Honda que no es el propietario sino la acompa\u00f1ante intento colgar la moto en varias ocasiones al ver el patrullero de la Direcci\u00f3n de Transito.<\/p>\n\n\n\n<p>Adem\u00e1s mientras la ambulancia atend\u00eda y los inspectores asist\u00edan a los damnificados otros j\u00f3venes que se encontraban en la zona segu\u00edan haciendo maniobras peligrosas burl\u00e1ndose de la situaci\u00f3n por lo que intervino inspecci\u00f3n y se castraron 3 motocicletas mas.<\/p>\n\n\n\n<p>Afortunadamente las heridas de una de las chicas no serian de gravedad, pero el joven conductor dec\u00eda no recordar nada de lo sucedido por lo que permanecer\u00e1 en observaci\u00f3n y se le realizaran estudios para ver si sufri\u00f3 alg\u00fan golpe en su cabeza.<\/p>\n\n\n\n<figure class=\"wp-block-image size-large\"><img decoding=\"async\" width=\"1024\" height=\"576\" data-attachment-id=\"90886\" data-permalink=\"https:\/\/eldiariodesanpedro.com.ar\/sitio\/20210414_164528\/\" data-orig-file=\"https:\/\/eldiariodesanpedro.com.ar\/sitio\/wp-content\/uploads\/2021\/04\/20210414_164528-scaled.jpg\" data-orig-size=\"2560,1440\" data-comments-opened=\"1\" data-image-meta=\"{&quot;aperture&quot;:&quot;1.9&quot;,&quot;credit&quot;:&quot;&quot;,&quot;camera&quot;:&quot;SM-J710MN&quot;,&quot;caption&quot;:&quot;&quot;,&quot;created_timestamp&quot;:&quot;1618418727&quot;,&quot;copyright&quot;:&quot;&quot;,&quot;focal_length&quot;:&quot;3.7&quot;,&quot;iso&quot;:&quot;40&quot;,&quot;shutter_speed&quot;:&quot;0.003448275862069&quot;,&quot;title&quot;:&quot;&quot;,&quot;orientation&quot;:&quot;1&quot;}\" data-image-title=\"20210414_164528\" data-image-description=\"\" data-image-caption=\"\" data-large-file=\"https:\/\/eldiariodesanpedro.com.ar\/sitio\/wp-content\/uploads\/2021\/04\/20210414_164528-1024x576.jpg\" data-src=\"https:\/\/eldiariodesanpedro.com.ar\/sitio\/wp-content\/uploads\/2021\/04\/20210414_164528-1024x576.jpg\" alt=\"\" class=\"wp-image-90886 lazyload\" data-srcset=\"https:\/\/eldiariodesanpedro.com.ar\/sitio\/wp-content\/uploads\/2021\/04\/20210414_164528-1024x576.jpg 1024w, https:\/\/eldiariodesanpedro.com.ar\/sitio\/wp-content\/uploads\/2021\/04\/20210414_164528-300x169.jpg 300w, https:\/\/eldiariodesanpedro.com.ar\/sitio\/wp-content\/uploads\/2021\/04\/20210414_164528-768x432.jpg 768w, https:\/\/eldiariodesanpedro.com.ar\/sitio\/wp-content\/uploads\/2021\/04\/20210414_164528-1536x864.jpg 1536w, https:\/\/eldiariodesanpedro.com.ar\/sitio\/wp-content\/uploads\/2021\/04\/20210414_164528-2048x1152.jpg 2048w, https:\/\/eldiariodesanpedro.com.ar\/sitio\/wp-content\/uploads\/2021\/04\/20210414_164528-800x450.jpg 800w\" data-sizes=\"(max-width: 1024px) 100vw, 1024px\" src=\"data:image\/svg+xml;base64,PHN2ZyB3aWR0aD0iMSIgaGVpZ2h0PSIxIiB4bWxucz0iaHR0cDovL3d3dy53My5vcmcvMjAwMC9zdmciPjwvc3ZnPg==\" style=\"--smush-placeholder-width: 1024px; --smush-placeholder-aspect-ratio: 1024\/576;\" \/><\/figure>\n\n\n\n<figure class=\"wp-block-image size-large\"><img decoding=\"async\" width=\"1024\" height=\"576\" data-attachment-id=\"90884\" data-permalink=\"https:\/\/eldiariodesanpedro.com.ar\/sitio\/20210414_164518\/\" data-orig-file=\"https:\/\/eldiariodesanpedro.com.ar\/sitio\/wp-content\/uploads\/2021\/04\/20210414_164518-scaled.jpg\" data-orig-size=\"2560,1440\" data-comments-opened=\"1\" data-image-meta=\"{&quot;aperture&quot;:&quot;1.9&quot;,&quot;credit&quot;:&quot;&quot;,&quot;camera&quot;:&quot;SM-J710MN&quot;,&quot;caption&quot;:&quot;&quot;,&quot;created_timestamp&quot;:&quot;1618418717&quot;,&quot;copyright&quot;:&quot;&quot;,&quot;focal_length&quot;:&quot;3.7&quot;,&quot;iso&quot;:&quot;40&quot;,&quot;shutter_speed&quot;:&quot;0.0016528925619835&quot;,&quot;title&quot;:&quot;&quot;,&quot;orientation&quot;:&quot;1&quot;}\" data-image-title=\"20210414_164518\" data-image-description=\"\" data-image-caption=\"\" data-large-file=\"https:\/\/eldiariodesanpedro.com.ar\/sitio\/wp-content\/uploads\/2021\/04\/20210414_164518-1024x576.jpg\" data-src=\"https:\/\/eldiariodesanpedro.com.ar\/sitio\/wp-content\/uploads\/2021\/04\/20210414_164518-1024x576.jpg\" alt=\"\" class=\"wp-image-90884 lazyload\" data-srcset=\"https:\/\/eldiariodesanpedro.com.ar\/sitio\/wp-content\/uploads\/2021\/04\/20210414_164518-1024x576.jpg 1024w, https:\/\/eldiariodesanpedro.com.ar\/sitio\/wp-content\/uploads\/2021\/04\/20210414_164518-300x169.jpg 300w, https:\/\/eldiariodesanpedro.com.ar\/sitio\/wp-content\/uploads\/2021\/04\/20210414_164518-768x432.jpg 768w, https:\/\/eldiariodesanpedro.com.ar\/sitio\/wp-content\/uploads\/2021\/04\/20210414_164518-1536x864.jpg 1536w, https:\/\/eldiariodesanpedro.com.ar\/sitio\/wp-content\/uploads\/2021\/04\/20210414_164518-2048x1152.jpg 2048w, https:\/\/eldiariodesanpedro.com.ar\/sitio\/wp-content\/uploads\/2021\/04\/20210414_164518-800x450.jpg 800w\" data-sizes=\"(max-width: 1024px) 100vw, 1024px\" src=\"data:image\/svg+xml;base64,PHN2ZyB3aWR0aD0iMSIgaGVpZ2h0PSIxIiB4bWxucz0iaHR0cDovL3d3dy53My5vcmcvMjAwMC9zdmciPjwvc3ZnPg==\" style=\"--smush-placeholder-width: 1024px; --smush-placeholder-aspect-ratio: 1024\/576;\" \/><\/figure>\n","protected":false},"excerpt":{"rendered":"<p>En la tarde de este mi\u00e9rcoles dos motocicletas de tipo Cross colisionaron en cercan\u00edas del puente colgante ubicado en la baja del Boulevard donde por escapar de los inspectores de transito una de las motos que la iba \u00abcolgando\u00bb choca a otra que venia en la mano contraria. El siniestro involucro a una motocicleta marca [&hellip;]<\/p>\n","protected":false},"author":4,"featured_media":90887,"comment_status":"open","ping_status":"closed","sticky":false,"template":"","format":"standard","meta":{"om_disable_all_campaigns":false,"_jetpack_memberships_contains_paid_content":false,"footnotes":""},"categories":[50,2,103],"tags":[],"class_list":["post-90883","post","type-post","status-publish","format-standard","has-post-thumbnail","hentry","category-destacadas","category-locales","category-policiales-locales"],"aioseo_notices":[],"gutentor_comment":0,"jetpack_featured_media_url":"https:\/\/eldiariodesanpedro.com.ar\/sitio\/wp-content\/uploads\/2021\/04\/20210414_164549-scaled-e1618433075862.jpg","jetpack_shortlink":"https:\/\/wp.me\/p6RhLt-nDR","jetpack_sharing_enabled":true,"_links":{"self":[{"href":"https:\/\/eldiariodesanpedro.com.ar\/sitio\/wp-json\/wp\/v2\/posts\/90883","targetHints":{"allow":["GET"]}}],"collection":[{"href":"https:\/\/eldiariodesanpedro.com.ar\/sitio\/wp-json\/wp\/v2\/posts"}],"about":[{"href":"https:\/\/eldiariodesanpedro.com.ar\/sitio\/wp-json\/wp\/v2\/types\/post"}],"author":[{"embeddable":true,"href":"https:\/\/eldiariodesanpedro.com.ar\/sitio\/wp-json\/wp\/v2\/users\/4"}],"replies":[{"embeddable":true,"href":"https:\/\/eldiariodesanpedro.com.ar\/sitio\/wp-json\/wp\/v2\/comments?post=90883"}],"version-history":[{"count":1,"href":"https:\/\/eldiariodesanpedro.com.ar\/sitio\/wp-json\/wp\/v2\/posts\/90883\/revisions"}],"predecessor-version":[{"id":90889,"href":"https:\/\/eldiariodesanpedro.com.ar\/sitio\/wp-json\/wp\/v2\/posts\/90883\/revisions\/90889"}],"wp:featuredmedia":[{"embeddable":true,"href":"https:\/\/eldiariodesanpedro.com.ar\/sitio\/wp-json\/wp\/v2\/media\/90887"}],"wp:attachment":[{"href":"https:\/\/eldiariodesanpedro.com.ar\/sitio\/wp-json\/wp\/v2\/media?parent=90883"}],"wp:term":[{"taxonomy":"category","embeddable":true,"href":"https:\/\/eldiariodesanpedro.com.ar\/sitio\/wp-json\/wp\/v2\/categories?post=90883"},{"taxonomy":"post_tag","embeddable":true,"href":"https:\/\/eldiariodesanpedro.com.ar\/sitio\/wp-json\/wp\/v2\/tags?post=90883"}],"curies":[{"name":"wp","href":"https:\/\/api.w.org\/{rel}","templated":true}]}}