{"id":90881,"date":"2021-04-14T12:55:53","date_gmt":"2021-04-14T15:55:53","guid":{"rendered":"https:\/\/eldiariodesanpedro.com.ar\/sitio\/?p=90881"},"modified":"2021-04-14T12:55:59","modified_gmt":"2021-04-14T15:55:59","slug":"coronavirus-35-negativos-y-32-positivos-aumentan-los-niveles-de-positividad-los-activos-son-132","status":"publish","type":"post","link":"https:\/\/eldiariodesanpedro.com.ar\/sitio\/coronavirus-35-negativos-y-32-positivos-aumentan-los-niveles-de-positividad-los-activos-son-132\/","title":{"rendered":"Coronavirus: 35 negativos y 32 positivos, aumentan los niveles de positividad, los activos son 132"},"content":{"rendered":"<!-- VideographyWP Plugin Message: Automatic video embedding prevented by plugin options. -->\n\n<p>La Secretar\u00eda de Salud de la Municipalidad de San Pedro brinda el informe que acompa\u00f1a la placa del d\u00eda de la fecha, en el seguimiento de la Pandemia de Covid-19.<\/p>\n\n\n\n<p>Se recibieron los resultados del \u00faltimo env\u00edo de muestras con 35 negativos y 32 positivos. Se enviaron 45 nuevas muestras para ser analizadas. Cuando se reciban los resultados ser\u00e1n comunicados. Quedan pendientes 27 muestras de env\u00edos anteriores.<\/p>\n\n\n\n<p>Los positivos est\u00e1n divididos en:<\/p>\n\n\n\n<ul class=\"wp-block-list\"><li>12 mujeres de 19, 26(2), 30(2), 31, 35, 38, 57, 61, 68 y 89 a\u00f1os.<\/li><li>20 hombres de 1, 17, 25, 26, 29, 30, 34, 36, 38, 41(2), 51, 56, 62, 64, 68, 69, 70, 71 y 87 a\u00f1os.<\/li><li>Por testeos r\u00e1pidos realizados en el Laboratorio del Hospital, se registran 4 resultados negativos y 1 positivo en una mujer de 50 a\u00f1os.<\/li><li>Se incorporan a la estad\u00edstica oficial 29 altas.<\/li><\/ul>\n\n\n\n<p>Resumen actualizado de informaci\u00f3n oficial<br>Positivos desde el inicio de la Pandemia: 2679<br>Activos: 132<br>Recuperados: 2459<br>Fallecidos: 88<br>Negativos desde el inicio de la Pandemia: 4261<\/p>\n\n\n\n<p>Los datos consignados en este informe corresponden a casos analizados a trav\u00e9s hisopados realizados en los \u00abconsultorios amarillos\u00bb analizados por el Laboratorio Central Lab y testeos r\u00e1pidos efectuados en el Laboratorio del Hospital.<\/p>\n\n\n\n<p>&#x1f449; Usar tapabocas.<br>&#x1f449; Mantener la distancia m\u00ednima de 2 metros.<br>&#x1f449; Extremar la higiene de los espacios.<br>&#x1f449; Mantener las manos limpias.<\/p>\n\n\n\n<p>Se recuerda que, ante s\u00edntomas de tos seca, fiebre y dolor de garganta se puede llamar al 148 o 107.<\/p>\n","protected":false},"excerpt":{"rendered":"<p>La Secretar\u00eda de Salud de la Municipalidad de San Pedro brinda el informe que acompa\u00f1a la placa del d\u00eda de la fecha, en el seguimiento de la Pandemia de Covid-19. Se recibieron los resultados del \u00faltimo env\u00edo de muestras con 35 negativos y 32 positivos. Se enviaron 45 nuevas muestras para ser analizadas. Cuando se [&hellip;]<\/p>\n","protected":false},"author":4,"featured_media":80200,"comment_status":"open","ping_status":"closed","sticky":false,"template":"","format":"standard","meta":{"om_disable_all_campaigns":false,"_jetpack_memberships_contains_paid_content":false,"footnotes":""},"categories":[50,101,2],"tags":[],"class_list":["post-90881","post","type-post","status-publish","format-standard","has-post-thumbnail","hentry","category-destacadas","category-interes-general-locales","category-locales"],"aioseo_notices":[],"gutentor_comment":0,"jetpack_featured_media_url":"https:\/\/eldiariodesanpedro.com.ar\/sitio\/wp-content\/uploads\/2020\/08\/no_padj1tmj7udh9quno_6swip0nagtkt36ucovid_positivo.png","jetpack_shortlink":"https:\/\/wp.me\/p6RhLt-nDP","jetpack_sharing_enabled":true,"_links":{"self":[{"href":"https:\/\/eldiariodesanpedro.com.ar\/sitio\/wp-json\/wp\/v2\/posts\/90881","targetHints":{"allow":["GET"]}}],"collection":[{"href":"https:\/\/eldiariodesanpedro.com.ar\/sitio\/wp-json\/wp\/v2\/posts"}],"about":[{"href":"https:\/\/eldiariodesanpedro.com.ar\/sitio\/wp-json\/wp\/v2\/types\/post"}],"author":[{"embeddable":true,"href":"https:\/\/eldiariodesanpedro.com.ar\/sitio\/wp-json\/wp\/v2\/users\/4"}],"replies":[{"embeddable":true,"href":"https:\/\/eldiariodesanpedro.com.ar\/sitio\/wp-json\/wp\/v2\/comments?post=90881"}],"version-history":[{"count":1,"href":"https:\/\/eldiariodesanpedro.com.ar\/sitio\/wp-json\/wp\/v2\/posts\/90881\/revisions"}],"predecessor-version":[{"id":90882,"href":"https:\/\/eldiariodesanpedro.com.ar\/sitio\/wp-json\/wp\/v2\/posts\/90881\/revisions\/90882"}],"wp:featuredmedia":[{"embeddable":true,"href":"https:\/\/eldiariodesanpedro.com.ar\/sitio\/wp-json\/wp\/v2\/media\/80200"}],"wp:attachment":[{"href":"https:\/\/eldiariodesanpedro.com.ar\/sitio\/wp-json\/wp\/v2\/media?parent=90881"}],"wp:term":[{"taxonomy":"category","embeddable":true,"href":"https:\/\/eldiariodesanpedro.com.ar\/sitio\/wp-json\/wp\/v2\/categories?post=90881"},{"taxonomy":"post_tag","embeddable":true,"href":"https:\/\/eldiariodesanpedro.com.ar\/sitio\/wp-json\/wp\/v2\/tags?post=90881"}],"curies":[{"name":"wp","href":"https:\/\/api.w.org\/{rel}","templated":true}]}}