{"id":90870,"date":"2021-04-14T12:04:38","date_gmt":"2021-04-14T15:04:38","guid":{"rendered":"https:\/\/eldiariodesanpedro.com.ar\/sitio\/?p=90870"},"modified":"2021-04-14T12:04:43","modified_gmt":"2021-04-14T15:04:43","slug":"alucec-san-pedro","status":"publish","type":"post","link":"https:\/\/eldiariodesanpedro.com.ar\/sitio\/alucec-san-pedro\/","title":{"rendered":"Alucec San Pedro"},"content":{"rendered":"<!-- VideographyWP Plugin Message: Automatic video embedding prevented by plugin options. -->\n\n<p><strong>CONVOCATORIA A ASAMBLEA GENERAL ORDINARIA<\/strong><\/p>\n\n\n\n<p>Convocase a ASAMBLEA GENERAL ORDINARIA de \u201cAlucec San Pedro\u201d representante de LALCEC , a realizarse el d\u00eda 28 de Abril&nbsp; de 2021 a la hora 15.30 en primera convocatoria, en su sede de calle Almafuerte 620 de la ciudad de San Pedro, siendo su<\/p>\n\n\n\n<p><strong>ORDEN DEL DIA<\/strong><\/p>\n\n\n\n<p>1\u00ba) Elecci\u00f3n de dos Asamble\u00edstas (2) socios para la firma del Acta.<br>2\u00ba) Consideraci\u00f3n de la Memoria y Aprobaci\u00f3n del Balance General, ejercicios econ\u00f3micos N\u00ba 17 y 18, cerrados el 31 de Diciembre de 2019 y 31 de Diciembre de 2020 respectivamente.<br>3\u00ba) Aprobaci\u00f3n gesti\u00f3n de la Comisi\u00f3n Directiva por la totalidad del mandato.<br>4\u00ba) Elecci\u00f3n de los miembro de la Comisi\u00f3n Directiva, por terminaci\u00f3n de su mandato, por el termino de tres (3) a\u00f1os.<br>5\u00ba) Autorizaci\u00f3n a la Comisi\u00f3n Directiva para la actualizaci\u00f3n de la cuota social.<\/p>\n\n\n\n<p>Segunda Convocatoria<br>Transcurrida media hora de la fijada para el inicio de la Asamblea y no habiendo reunido el qu\u00f3rum exigido, la Asamblea sesionar\u00e1 cualquiera fuere el n\u00famero de socios presentes.<\/p>\n\n\n\n<p><strong>COMISION DIRECTIVA<\/strong><\/p>\n","protected":false},"excerpt":{"rendered":"<p>CONVOCATORIA A ASAMBLEA GENERAL ORDINARIA Convocase a ASAMBLEA GENERAL ORDINARIA de \u201cAlucec San Pedro\u201d representante de LALCEC , a realizarse el d\u00eda 28 de Abril&nbsp; de 2021 a la hora 15.30 en primera convocatoria, en su sede de calle Almafuerte 620 de la ciudad de San Pedro, siendo su ORDEN DEL DIA 1\u00ba) Elecci\u00f3n de [&hellip;]<\/p>\n","protected":false},"author":4,"featured_media":90871,"comment_status":"open","ping_status":"closed","sticky":false,"template":"","format":"standard","meta":{"om_disable_all_campaigns":false,"_jetpack_memberships_contains_paid_content":false,"footnotes":""},"categories":[678,676],"tags":[],"class_list":["post-90870","post","type-post","status-publish","format-standard","has-post-thumbnail","hentry","category-convocatorias","category-edictos"],"aioseo_notices":[],"gutentor_comment":0,"jetpack_featured_media_url":"https:\/\/eldiariodesanpedro.com.ar\/sitio\/wp-content\/uploads\/2021\/04\/Alucec-San-Pedro-Abril-2021.jpg","jetpack_shortlink":"https:\/\/wp.me\/p6RhLt-nDE","jetpack_sharing_enabled":true,"_links":{"self":[{"href":"https:\/\/eldiariodesanpedro.com.ar\/sitio\/wp-json\/wp\/v2\/posts\/90870","targetHints":{"allow":["GET"]}}],"collection":[{"href":"https:\/\/eldiariodesanpedro.com.ar\/sitio\/wp-json\/wp\/v2\/posts"}],"about":[{"href":"https:\/\/eldiariodesanpedro.com.ar\/sitio\/wp-json\/wp\/v2\/types\/post"}],"author":[{"embeddable":true,"href":"https:\/\/eldiariodesanpedro.com.ar\/sitio\/wp-json\/wp\/v2\/users\/4"}],"replies":[{"embeddable":true,"href":"https:\/\/eldiariodesanpedro.com.ar\/sitio\/wp-json\/wp\/v2\/comments?post=90870"}],"version-history":[{"count":1,"href":"https:\/\/eldiariodesanpedro.com.ar\/sitio\/wp-json\/wp\/v2\/posts\/90870\/revisions"}],"predecessor-version":[{"id":90872,"href":"https:\/\/eldiariodesanpedro.com.ar\/sitio\/wp-json\/wp\/v2\/posts\/90870\/revisions\/90872"}],"wp:featuredmedia":[{"embeddable":true,"href":"https:\/\/eldiariodesanpedro.com.ar\/sitio\/wp-json\/wp\/v2\/media\/90871"}],"wp:attachment":[{"href":"https:\/\/eldiariodesanpedro.com.ar\/sitio\/wp-json\/wp\/v2\/media?parent=90870"}],"wp:term":[{"taxonomy":"category","embeddable":true,"href":"https:\/\/eldiariodesanpedro.com.ar\/sitio\/wp-json\/wp\/v2\/categories?post=90870"},{"taxonomy":"post_tag","embeddable":true,"href":"https:\/\/eldiariodesanpedro.com.ar\/sitio\/wp-json\/wp\/v2\/tags?post=90870"}],"curies":[{"name":"wp","href":"https:\/\/api.w.org\/{rel}","templated":true}]}}