{"id":90857,"date":"2021-04-14T10:34:01","date_gmt":"2021-04-14T13:34:01","guid":{"rendered":"https:\/\/eldiariodesanpedro.com.ar\/sitio\/?p=90857"},"modified":"2021-04-14T10:34:05","modified_gmt":"2021-04-14T13:34:05","slug":"pedimos-postergar-todas-las-actividades-que-se-puedan","status":"publish","type":"post","link":"https:\/\/eldiariodesanpedro.com.ar\/sitio\/pedimos-postergar-todas-las-actividades-que-se-puedan\/","title":{"rendered":"\u00abPedimos postergar todas las actividades que se puedan\u00bb"},"content":{"rendered":"<!-- VideographyWP Plugin Message: Automatic video embedding prevented by plugin options. -->\n\n<p>La ministra de Salud de la Naci\u00f3n, Carla Vizzotti, brind\u00f3 este mi\u00e9rcoles desde las 8.30 su habitual conferencia de prensa semanal en Casa Rosada, para hablar de la situaci\u00f3n sanitaria producto del coronavirus Covid-19. La aparici\u00f3n p\u00fablica de la funcionaria ocurre luego de varios d\u00edas de reuniones con expertos y en medio de especulaciones sobre nuevas medidas por el notable incremento de casos en Argentina.<\/p>\n\n\n\n<p>Vizzotti pidi\u00f3 a toda la ciudadan\u00eda \u00abevitar toda actividad que no sea prioritaria\u00bb, en el marco del avance de la segunda ola de coronavirus en el pa\u00eds. \u00abSolo salgamos a trabajar, a llevar los chicos al colegio y hacer actividades indispensables. Les pedimos postergar todo lo que se pueda\u00bb, dijo.<\/p>\n\n\n\n<p>En ese sentido, la titular de la cartera sanitaria expres\u00f3 que el sistema de salud \u00abno colaps\u00f3\u00bb, pero advirti\u00f3 sobre un \u00abcrecimiento acelerado en el ritmo de casos\u00bb de coronavirus que \u00abimpacta en el aumento de la demanda de consultas\u00bb por Covid-19 y por patolog\u00edas sin relaci\u00f3n con el virus.<\/p>\n\n\n\n<p>Las declaraciones tuvieron lugar en di\u00e1logo con la prensa en el Hospital Garrahan, cuando la funcionaria explic\u00f3 que los contagios de coronavirus \u00abimpactan en el aumento de la demanda espont\u00e1nea tanto para consultas como para atenci\u00f3n y aumenta tambi\u00e9n la internaci\u00f3n en cl\u00ednica y en terapia intensiva\u00bb.<\/p>\n\n\n\n<p>\u00abLo que sucede es que el sistema de salud est\u00e1 dando respuestas a patolog\u00edas no Covid, a patolog\u00edas programadas que hab\u00edan retrasado su atenci\u00f3n en la pandemia del a\u00f1o pasado y por eso un porcentaje elevado de las terapias intensivas no son por Covid-19\u00bb, explic\u00f3.<\/p>\n\n\n\n<p>Carla Vizzotti agreg\u00f3 que \u00abse est\u00e1 trabajando con much\u00edsima articulaci\u00f3n y predisposici\u00f3n con toda las jurisdicciones y los organismos para poder priorizar la atenci\u00f3n de las personas con coronavirus y reprogramar las cirug\u00edas\u00bb.<\/p>\n\n\n\n<p>\u00abEn ese momento, a diferencia del a\u00f1o pasado, hab\u00edan bajado much\u00edsimo los accidentes de tr\u00e1nsito y much\u00edsimas causas de internaci\u00f3n porque no hab\u00eda circulaci\u00f3n y, en este momento, esa demanda est\u00e1\u00bb, subray\u00f3.<\/p>\n\n\n\n<p>Adem\u00e1s, Carla Vizzotti indic\u00f3 que \u00abse trabaja para reorganizar el sistema de salud y para seguir ampliando camas que se hab\u00edan dejado de usar porque no se necesitaban durante la baja de casos, lo cual no quiere decir que el sistema no tenga un l\u00edmite\u00bb.<\/p>\n\n\n\n<p>\u00abNuestro sistema tiene 50% m\u00e1s de camas, 60% m\u00e1s respiradores, 95% del personal de salud vacunado con una dosis y m\u00e1s de 60% con dos dosis, pero no alcanza solo con la vacuna ni con tener m\u00e1s camas, sino que necesitamos bajar la transmisi\u00f3n\u00bb, a\u00f1adi\u00f3.<\/p>\n\n\n\n<p>En ese sentido, se\u00f1al\u00f3 que una baja en los casos \u00absucede cuando cada uno minimiza las posibilidades de contagio y, si logramos entender eso, vamos a poder tener menos casos, vacunar a la poblaci\u00f3n de riesgo y sostener la mayor cantidad de actividades\u00bb.<\/p>\n\n\n\n<p>Vizzotti se\u00f1al\u00f3 que \u00abhay consenso absoluto\u00bb con los expertos y las provincias en que es necesario esperar \u00abunos d\u00edas m\u00e1s\u00bb para \u00abanalizar el impacto de las medidas\u00bb restrictivas que comenzaron a regir el viernes \u00faltimo con el objetivo de mitigar la expansi\u00f3n de la segunda ola de coronavirus.<\/p>\n\n\n\n<p>La funcionaria descart\u00f3 de esa manera un anuncio inminente sobre nuevas restricciones, y asegur\u00f3 \u00abSe est\u00e1 evaluando permanentemente y en forma consensuada vamos a definir si hace falta alguna medida m\u00e1s para fortalecer las ya implementadas\u00bb.<\/p>\n\n\n\n<p>Por otro lado, Vizzotti, destac\u00f3 que el pa\u00eds ya recibi\u00f3 7,3 millones de dosis de vacunas contra el coronavirus y dijo que el Gobierno tiene la \u00abexpectativa de poder recibir pronto\u00bb un nuevo embarque. \u00abEstamos esperando lo antes posible tener alguna informaci\u00f3n. Apenas tengamos la confirmaci\u00f3n, lo vamos a comunicar\u00bb, afirm\u00f3.<\/p>\n","protected":false},"excerpt":{"rendered":"<p>La ministra de Salud de la Naci\u00f3n, Carla Vizzotti, brind\u00f3 este mi\u00e9rcoles desde las 8.30 su habitual conferencia de prensa semanal en Casa Rosada, para hablar de la situaci\u00f3n sanitaria producto del coronavirus Covid-19. La aparici\u00f3n p\u00fablica de la funcionaria ocurre luego de varios d\u00edas de reuniones con expertos y en medio de especulaciones sobre [&hellip;]<\/p>\n","protected":false},"author":4,"featured_media":90858,"comment_status":"open","ping_status":"closed","sticky":false,"template":"","format":"standard","meta":{"om_disable_all_campaigns":false,"_jetpack_memberships_contains_paid_content":false,"footnotes":""},"categories":[621],"tags":[],"class_list":["post-90857","post","type-post","status-publish","format-standard","has-post-thumbnail","hentry","category-regionales"],"aioseo_notices":[],"gutentor_comment":0,"jetpack_featured_media_url":"https:\/\/eldiariodesanpedro.com.ar\/sitio\/wp-content\/uploads\/2021\/04\/carla-vizzotti-explico-que-los-recuperados-que-se-informan-traves-del-sistema-nacional-vigilancia-salud-se-los-contabiliza-dos-maneras_658x400.jpg","jetpack_shortlink":"https:\/\/wp.me\/p6RhLt-nDr","jetpack_sharing_enabled":true,"_links":{"self":[{"href":"https:\/\/eldiariodesanpedro.com.ar\/sitio\/wp-json\/wp\/v2\/posts\/90857","targetHints":{"allow":["GET"]}}],"collection":[{"href":"https:\/\/eldiariodesanpedro.com.ar\/sitio\/wp-json\/wp\/v2\/posts"}],"about":[{"href":"https:\/\/eldiariodesanpedro.com.ar\/sitio\/wp-json\/wp\/v2\/types\/post"}],"author":[{"embeddable":true,"href":"https:\/\/eldiariodesanpedro.com.ar\/sitio\/wp-json\/wp\/v2\/users\/4"}],"replies":[{"embeddable":true,"href":"https:\/\/eldiariodesanpedro.com.ar\/sitio\/wp-json\/wp\/v2\/comments?post=90857"}],"version-history":[{"count":1,"href":"https:\/\/eldiariodesanpedro.com.ar\/sitio\/wp-json\/wp\/v2\/posts\/90857\/revisions"}],"predecessor-version":[{"id":90859,"href":"https:\/\/eldiariodesanpedro.com.ar\/sitio\/wp-json\/wp\/v2\/posts\/90857\/revisions\/90859"}],"wp:featuredmedia":[{"embeddable":true,"href":"https:\/\/eldiariodesanpedro.com.ar\/sitio\/wp-json\/wp\/v2\/media\/90858"}],"wp:attachment":[{"href":"https:\/\/eldiariodesanpedro.com.ar\/sitio\/wp-json\/wp\/v2\/media?parent=90857"}],"wp:term":[{"taxonomy":"category","embeddable":true,"href":"https:\/\/eldiariodesanpedro.com.ar\/sitio\/wp-json\/wp\/v2\/categories?post=90857"},{"taxonomy":"post_tag","embeddable":true,"href":"https:\/\/eldiariodesanpedro.com.ar\/sitio\/wp-json\/wp\/v2\/tags?post=90857"}],"curies":[{"name":"wp","href":"https:\/\/api.w.org\/{rel}","templated":true}]}}