{"id":90854,"date":"2021-04-14T10:11:42","date_gmt":"2021-04-14T13:11:42","guid":{"rendered":"https:\/\/eldiariodesanpedro.com.ar\/sitio\/?p=90854"},"modified":"2021-04-14T10:11:47","modified_gmt":"2021-04-14T13:11:47","slug":"condenado-por-violencia-de-genero-la-liga-deportiva-sampedrina-licencio-a-su-presidente-hugo-cejas","status":"publish","type":"post","link":"https:\/\/eldiariodesanpedro.com.ar\/sitio\/condenado-por-violencia-de-genero-la-liga-deportiva-sampedrina-licencio-a-su-presidente-hugo-cejas\/","title":{"rendered":"Condenado por violencia de g\u00e9nero la Liga Deportiva Sampedrina licenci\u00f3 a su presidente Hugo Cejas"},"content":{"rendered":"<!-- VideographyWP Plugin Message: Automatic video embedding prevented by plugin options. -->\n\n<p>En la sesi\u00f3n del lunes el titular de la entidad expuso la situaci\u00f3n judicial por la que atraviesa y solicit\u00f3 alejarse del cargo por tiempo indeterminado. Los clubes lo aprobaron y Andr\u00e9s S\u00e1nchez presidir\u00e1 la Liga de aqu\u00ed en adelante.<\/p>\n\n\n\n<p>El presidente de la Liga Deportiva Sampedrina, Hugo Cejas, fue licenciado por los clubes afiliados luego de que se hiciera p\u00fablica una condena que la justicia le impuso por un caso de violencia de g\u00e9nero y amenazas en la que se encontraba imputado desde el a\u00f1o 2017.<\/p>\n\n\n\n<p>El propio dirigente expuso la grave situaci\u00f3n por la que le toca atravesar ante los presentes, se\u00f1al\u00f3 que era inocente, que se trataba de un episodio en el que se buscaba perjudicarlo y que es su deseo regresar al cargo una vez que se aclare la situaci\u00f3n.<\/p>\n\n\n\n<p>A la vez propuso tomarse licencia por tiempo indeterminado, postura que los concurrentes aprobaron un\u00e1nimemente. Es decir que Cejas se ausentar\u00e1 de la presidencia, al menos, hasta que se resuelva su situaci\u00f3n procesal, la cual se agudiza a\u00fan m\u00e1s por tratarse de que Cejas es un ex polic\u00eda (R).<\/p>\n\n\n\n<p>De aqu\u00ed en adelante la Liga ser\u00e1 presidida por Andr\u00e9s S\u00e1nchez, quien es el vicepresidente de la misma, a la vez apuntalado por el resto de la Comisi\u00f3n Directiva y la parte administrativa, que cuenta con personas de bien y capacitadas para llevar adelante sin inconvenientes los destinos de esa prestigiosa entidad.<\/p>\n\n\n\n<p>La causa fue instruida por la fiscal Viviana Ramos, y sentencia del Juzgado Correcional N\u00ba 3 que conduce Luciana D\u00edaz Bancalari conden\u00f3 a Hugo Cejas, que adem\u00e1s es polic\u00eda retirado, a seis meses de prisi\u00f3n de ejecuci\u00f3n condicional. Tambi\u00e9n deber\u00e1 someterse al control del Patronato de Liberados durante dos a\u00f1os y hacer tratamiento psicol\u00f3gico en un Hospital p\u00fablico.<\/p>\n\n\n\n<p>El ex polic\u00eda apel\u00f3 la condena y ahora habr\u00e1 que aguardar la resoluci\u00f3n que tome la C\u00e1mara de Apelaciones, si confirma la condena o da marcha atr\u00e1s con lo actuado por el Tribunal. &nbsp;<\/p>\n","protected":false},"excerpt":{"rendered":"<p>En la sesi\u00f3n del lunes el titular de la entidad expuso la situaci\u00f3n judicial por la que atraviesa y solicit\u00f3 alejarse del cargo por tiempo indeterminado. Los clubes lo aprobaron y Andr\u00e9s S\u00e1nchez presidir\u00e1 la Liga de aqu\u00ed en adelante. El presidente de la Liga Deportiva Sampedrina, Hugo Cejas, fue licenciado por los clubes afiliados [&hellip;]<\/p>\n","protected":false},"author":4,"featured_media":90855,"comment_status":"open","ping_status":"closed","sticky":false,"template":"","format":"standard","meta":{"om_disable_all_campaigns":false,"_jetpack_memberships_contains_paid_content":false,"footnotes":""},"categories":[50,101,2],"tags":[],"class_list":["post-90854","post","type-post","status-publish","format-standard","has-post-thumbnail","hentry","category-destacadas","category-interes-general-locales","category-locales"],"aioseo_notices":[],"gutentor_comment":0,"jetpack_featured_media_url":"https:\/\/eldiariodesanpedro.com.ar\/sitio\/wp-content\/uploads\/2021\/04\/000090961.jpg","jetpack_shortlink":"https:\/\/wp.me\/p6RhLt-nDo","jetpack_sharing_enabled":true,"_links":{"self":[{"href":"https:\/\/eldiariodesanpedro.com.ar\/sitio\/wp-json\/wp\/v2\/posts\/90854","targetHints":{"allow":["GET"]}}],"collection":[{"href":"https:\/\/eldiariodesanpedro.com.ar\/sitio\/wp-json\/wp\/v2\/posts"}],"about":[{"href":"https:\/\/eldiariodesanpedro.com.ar\/sitio\/wp-json\/wp\/v2\/types\/post"}],"author":[{"embeddable":true,"href":"https:\/\/eldiariodesanpedro.com.ar\/sitio\/wp-json\/wp\/v2\/users\/4"}],"replies":[{"embeddable":true,"href":"https:\/\/eldiariodesanpedro.com.ar\/sitio\/wp-json\/wp\/v2\/comments?post=90854"}],"version-history":[{"count":1,"href":"https:\/\/eldiariodesanpedro.com.ar\/sitio\/wp-json\/wp\/v2\/posts\/90854\/revisions"}],"predecessor-version":[{"id":90856,"href":"https:\/\/eldiariodesanpedro.com.ar\/sitio\/wp-json\/wp\/v2\/posts\/90854\/revisions\/90856"}],"wp:featuredmedia":[{"embeddable":true,"href":"https:\/\/eldiariodesanpedro.com.ar\/sitio\/wp-json\/wp\/v2\/media\/90855"}],"wp:attachment":[{"href":"https:\/\/eldiariodesanpedro.com.ar\/sitio\/wp-json\/wp\/v2\/media?parent=90854"}],"wp:term":[{"taxonomy":"category","embeddable":true,"href":"https:\/\/eldiariodesanpedro.com.ar\/sitio\/wp-json\/wp\/v2\/categories?post=90854"},{"taxonomy":"post_tag","embeddable":true,"href":"https:\/\/eldiariodesanpedro.com.ar\/sitio\/wp-json\/wp\/v2\/tags?post=90854"}],"curies":[{"name":"wp","href":"https:\/\/api.w.org\/{rel}","templated":true}]}}