{"id":90846,"date":"2021-04-13T18:44:27","date_gmt":"2021-04-13T21:44:27","guid":{"rendered":"https:\/\/eldiariodesanpedro.com.ar\/sitio\/?p=90846"},"modified":"2021-04-13T18:44:32","modified_gmt":"2021-04-13T21:44:32","slug":"nueva-marca-de-casos-27-001-personas-fueron-reportadas-con-coronavirus","status":"publish","type":"post","link":"https:\/\/eldiariodesanpedro.com.ar\/sitio\/nueva-marca-de-casos-27-001-personas-fueron-reportadas-con-coronavirus\/","title":{"rendered":"Nueva marca de casos: 27.001 personas fueron reportadas con coronavirus"},"content":{"rendered":"<!-- VideographyWP Plugin Message: Automatic video embedding prevented by plugin options. -->\n\n<p>Nueva marca de casos: 27.001 personas fueron reportadas con coronavirus.<\/p>\n\n\n\n<p>Otras 217 personas murieron y 27.001 fueron reportadas con coronavirus en las \u00faltimas 24 horas en la Argentina, con lo que suman 58.174 los fallecidos y 2.579.000 los contagiados desde el inicio de la pandemia en el pa\u00eds, inform\u00f3 el Ministerio de Salud.<\/p>\n\n\n\n<p>La cartera sanitaria indic\u00f3 que son 3.834 los internados en unidades de terapia, intensiva, con un porcentaje de ocupaci\u00f3n de camas de adultos de 62,4% en el pa\u00eds y del 70,8% en la \u00c1rea Metropolitana Buenos Aires.<\/p>\n\n\n\n<p>De acuerdo con el Monitor P\u00fablico de Vacunaci\u00f3n actualizado a las 18, el total de inoculados asciende a 5.696.664, de los cuales 4.946.226 recibieron una dosis y 750.438 las dos, mientras que las vacunas distribuidas a las jurisdicciones llegan a 7.085.796.<\/p>\n\n\n\n<p><strong>Un 62,73% (16.938 personas) de los infectados de este martes (27.001) corresponden a la Ciudad y a la provincia de Buenos Aires.<\/strong><\/p>\n\n\n\n<p>De los 2.579.000 contagiados, el 87,74% (2.262.875) recibi\u00f3 el alta y 257.951 son casos confirmados activos.<\/p>\n\n\n\n<p>El reporte consign\u00f3 que murieron 116 hombres y 100 mujeres, mientras que una persona de la provincia de Buenos Aires fue registrada sin dato de sexo.<\/p>\n\n\n\n<p><strong>Fallecidos por provincia<\/strong><br>El parte precis\u00f3 que murieron 58 hombres en la provincia de Buenos Aires; 14 en la Ciudad de Buenos Aires; 1 en Chaco; 5 en Corrientes; 6 en C\u00f3rdoba; 8 en Entre R\u00edos; 2 en Formosa; 1 en Jujuy; 2 en Misiones; 1 en R\u00edo Negro; 2 en Salta; 1 en San Juan; 1 en San Luis; 1 en Santa Cruz; 11 en Santa Fe; 1 en Santiago del Estero; y 1 en Tucum\u00e1n.<br>Tambi\u00e9n fallecieron 53 mujeres en Buenos Aires; 13 en Ciudad de Buenos Aires; 3 en Chaco; 4 en Corrientes; 4 en C\u00f3rdoba; 3 en Entre R\u00edos; 2 en Formosa; 1 en Jujuy; 2 en Mendoza; 1 en Salta; 1 en San Luis; 3 en Santa Cruz; 7 en Santa Fe; 1 en Santiago del Estero; y 2 en Tucum\u00e1n.<\/p>\n\n\n\n<p><strong>Contagios por provincia<\/strong><br>Hoy se registraron en la provincia de Buenos Aires 14.004 casos; en la Ciudad de Buenos Aires, 2.934; en Catamarca, 155; en Chaco, 250; en Chubut, 220; en Corrientes, 441; en C\u00f3rdoba, 2.268; en Entre R\u00edos, 635; en Formosa, 131; en Jujuy, 93; en La Pampa, 110; en La Rioja, 59; en Mendoza, 953; en Misiones, 170; en Neuqu\u00e9n, 241; en R\u00edo Negro, 249; en Salta, 232; en San Juan, 332; en San Luis, 516; en Santa Cruz, 242; en Santa Fe, 1.762; en Santiago del Estero, 137; Tierra del Fuego, 104; y en Tucum\u00e1n 763.<\/p>\n\n\n\n<p><strong>El Ministerio indic\u00f3 adem\u00e1s que se realizaron en las \u00faltimas 24 horas 87.661 testeos&nbsp;<\/strong>y desde el inicio del brote ascienden a 9.743.345 pruebas diagn\u00f3sticas para esta enfermedad.<\/p>\n\n\n\n<p>El total de acumulados por distrito indica que la provincia de Buenos Aires suma 1.104.016 casos; la Ciudad de Buenos Aires, 292.068; Catamarca, 12.018; Chaco, 40.831; Chubut, 51.727; Corrientes, 33.742; C\u00f3rdoba 198.795; Entre R\u00edos, 53.938; Formosa, 3.133.; Jujuy, 23.202; La Pampa, 22.913; La Rioja, 12.100.; Mendoza, 81.648; Misiones, 13.650; Neuqu\u00e9n, 66.899; R\u00edo Negro, 57.191; Salta, 31.342; San Juan, 19.289; San Luis, 27.430; Santa Cruz, 41.352; Santa Fe, 244.944; Santiago del Estero, 27.083; Tierra del Fuego, 25.057; y Tucum\u00e1n, 94.632.<\/p>\n\n\n\n<p>Se incluyen 17 casos existentes en las Islas Malvinas seg\u00fan informaci\u00f3n de prensa (debido a la ocupaci\u00f3n ilegal del Reino Unido, Gran Breta\u00f1a e Irlanda del Norte no es posible contar con informaci\u00f3n propia sobre el impacto de la Covid-19 en esa parte del territorio argentino).<\/p>\n\n\n\n<p>Fuente: <a href=\"https:\/\/www.telam.com.ar\/notas\/202104\/550623-argentina-casos-coronavirus-ministerio-de-salud.html\">Telam<\/a><\/p>\n","protected":false},"excerpt":{"rendered":"<p>Nueva marca de casos: 27.001 personas fueron reportadas con coronavirus. Otras 217 personas murieron y 27.001 fueron reportadas con coronavirus en las \u00faltimas 24 horas en la Argentina, con lo que suman 58.174 los fallecidos y 2.579.000 los contagiados desde el inicio de la pandemia en el pa\u00eds, inform\u00f3 el Ministerio de Salud. La cartera [&hellip;]<\/p>\n","protected":false},"author":4,"featured_media":90847,"comment_status":"open","ping_status":"closed","sticky":false,"template":"","format":"standard","meta":{"om_disable_all_campaigns":false,"_jetpack_memberships_contains_paid_content":false,"footnotes":""},"categories":[621],"tags":[],"class_list":["post-90846","post","type-post","status-publish","format-standard","has-post-thumbnail","hentry","category-regionales"],"aioseo_notices":[],"gutentor_comment":0,"jetpack_featured_media_url":"https:\/\/eldiariodesanpedro.com.ar\/sitio\/wp-content\/uploads\/2021\/04\/5ffec5649398b_1004x565.jpg","jetpack_shortlink":"https:\/\/wp.me\/p6RhLt-nDg","jetpack_sharing_enabled":true,"_links":{"self":[{"href":"https:\/\/eldiariodesanpedro.com.ar\/sitio\/wp-json\/wp\/v2\/posts\/90846","targetHints":{"allow":["GET"]}}],"collection":[{"href":"https:\/\/eldiariodesanpedro.com.ar\/sitio\/wp-json\/wp\/v2\/posts"}],"about":[{"href":"https:\/\/eldiariodesanpedro.com.ar\/sitio\/wp-json\/wp\/v2\/types\/post"}],"author":[{"embeddable":true,"href":"https:\/\/eldiariodesanpedro.com.ar\/sitio\/wp-json\/wp\/v2\/users\/4"}],"replies":[{"embeddable":true,"href":"https:\/\/eldiariodesanpedro.com.ar\/sitio\/wp-json\/wp\/v2\/comments?post=90846"}],"version-history":[{"count":1,"href":"https:\/\/eldiariodesanpedro.com.ar\/sitio\/wp-json\/wp\/v2\/posts\/90846\/revisions"}],"predecessor-version":[{"id":90848,"href":"https:\/\/eldiariodesanpedro.com.ar\/sitio\/wp-json\/wp\/v2\/posts\/90846\/revisions\/90848"}],"wp:featuredmedia":[{"embeddable":true,"href":"https:\/\/eldiariodesanpedro.com.ar\/sitio\/wp-json\/wp\/v2\/media\/90847"}],"wp:attachment":[{"href":"https:\/\/eldiariodesanpedro.com.ar\/sitio\/wp-json\/wp\/v2\/media?parent=90846"}],"wp:term":[{"taxonomy":"category","embeddable":true,"href":"https:\/\/eldiariodesanpedro.com.ar\/sitio\/wp-json\/wp\/v2\/categories?post=90846"},{"taxonomy":"post_tag","embeddable":true,"href":"https:\/\/eldiariodesanpedro.com.ar\/sitio\/wp-json\/wp\/v2\/tags?post=90846"}],"curies":[{"name":"wp","href":"https:\/\/api.w.org\/{rel}","templated":true}]}}