{"id":90843,"date":"2021-04-13T18:30:16","date_gmt":"2021-04-13T21:30:16","guid":{"rendered":"https:\/\/eldiariodesanpedro.com.ar\/sitio\/?p=90843"},"modified":"2021-04-13T18:30:20","modified_gmt":"2021-04-13T21:30:20","slug":"zarate-encontraron-el-cadaver-de-una-mujer-en-un-arroyo","status":"publish","type":"post","link":"https:\/\/eldiariodesanpedro.com.ar\/sitio\/zarate-encontraron-el-cadaver-de-una-mujer-en-un-arroyo\/","title":{"rendered":"Z\u00c1RATE | Encontraron el cad\u00e1ver de una mujer en un arroyo"},"content":{"rendered":"<!-- VideographyWP Plugin Message: Automatic video embedding prevented by plugin options. -->\n\n<p>Ocurri\u00f3 esta tarde en aguas del arroyo De La Cruz, a unos 100 metros de la ruta 6.<br>A trav\u00e9s de un llamado telef\u00f3nico de la Base Naval de Prefectura Nacional, se notific\u00f3 a la comisar\u00eda de Campana sobre la existencia de un cadaver en el arroyo de la Cruz de Campana.<\/p>\n\n\n\n<p>Se constat\u00f3 que se trataba de una mujer identificada como Amalia Liliana V\u00e1zquez, de 58 a\u00f1os de edad.<\/p>\n\n\n\n<p>Ahora investigan c\u00f3mo se produjo su muerte, pero no se descarta un suicidio.<\/p>\n\n\n\n<p>En el lugar trabaj\u00f3 Personal de Policia Cient\u00edfica y retir\u00f3 su cuerpo que ser\u00e1 sometido a una autopsia ma\u00f1ana.<br>Se dio intervenci\u00f3n a la UFI Y J NRO. 02.<\/p>\n","protected":false},"excerpt":{"rendered":"<p>Ocurri\u00f3 esta tarde en aguas del arroyo De La Cruz, a unos 100 metros de la ruta 6.A trav\u00e9s de un llamado telef\u00f3nico de la Base Naval de Prefectura Nacional, se notific\u00f3 a la comisar\u00eda de Campana sobre la existencia de un cadaver en el arroyo de la Cruz de Campana. Se constat\u00f3 que se [&hellip;]<\/p>\n","protected":false},"author":4,"featured_media":90844,"comment_status":"open","ping_status":"closed","sticky":false,"template":"","format":"standard","meta":{"om_disable_all_campaigns":false,"_jetpack_memberships_contains_paid_content":false,"footnotes":""},"categories":[621],"tags":[],"class_list":["post-90843","post","type-post","status-publish","format-standard","has-post-thumbnail","hentry","category-regionales"],"aioseo_notices":[],"gutentor_comment":0,"jetpack_featured_media_url":"https:\/\/eldiariodesanpedro.com.ar\/sitio\/wp-content\/uploads\/2021\/04\/POLICIAL-PATRULLERO-MORGUERA-POLICIA-CIENTIFICA-3-91434_600x315.jpg","jetpack_shortlink":"https:\/\/wp.me\/p6RhLt-nDd","jetpack_sharing_enabled":true,"_links":{"self":[{"href":"https:\/\/eldiariodesanpedro.com.ar\/sitio\/wp-json\/wp\/v2\/posts\/90843","targetHints":{"allow":["GET"]}}],"collection":[{"href":"https:\/\/eldiariodesanpedro.com.ar\/sitio\/wp-json\/wp\/v2\/posts"}],"about":[{"href":"https:\/\/eldiariodesanpedro.com.ar\/sitio\/wp-json\/wp\/v2\/types\/post"}],"author":[{"embeddable":true,"href":"https:\/\/eldiariodesanpedro.com.ar\/sitio\/wp-json\/wp\/v2\/users\/4"}],"replies":[{"embeddable":true,"href":"https:\/\/eldiariodesanpedro.com.ar\/sitio\/wp-json\/wp\/v2\/comments?post=90843"}],"version-history":[{"count":1,"href":"https:\/\/eldiariodesanpedro.com.ar\/sitio\/wp-json\/wp\/v2\/posts\/90843\/revisions"}],"predecessor-version":[{"id":90845,"href":"https:\/\/eldiariodesanpedro.com.ar\/sitio\/wp-json\/wp\/v2\/posts\/90843\/revisions\/90845"}],"wp:featuredmedia":[{"embeddable":true,"href":"https:\/\/eldiariodesanpedro.com.ar\/sitio\/wp-json\/wp\/v2\/media\/90844"}],"wp:attachment":[{"href":"https:\/\/eldiariodesanpedro.com.ar\/sitio\/wp-json\/wp\/v2\/media?parent=90843"}],"wp:term":[{"taxonomy":"category","embeddable":true,"href":"https:\/\/eldiariodesanpedro.com.ar\/sitio\/wp-json\/wp\/v2\/categories?post=90843"},{"taxonomy":"post_tag","embeddable":true,"href":"https:\/\/eldiariodesanpedro.com.ar\/sitio\/wp-json\/wp\/v2\/tags?post=90843"}],"curies":[{"name":"wp","href":"https:\/\/api.w.org\/{rel}","templated":true}]}}