{"id":90840,"date":"2021-04-13T18:13:11","date_gmt":"2021-04-13T21:13:11","guid":{"rendered":"https:\/\/eldiariodesanpedro.com.ar\/sitio\/?p=90840"},"modified":"2021-04-13T18:13:15","modified_gmt":"2021-04-13T21:13:15","slug":"arrecifes-la-localidad-retrocedio-a-fase-4","status":"publish","type":"post","link":"https:\/\/eldiariodesanpedro.com.ar\/sitio\/arrecifes-la-localidad-retrocedio-a-fase-4\/","title":{"rendered":"ARRECIFES | La Localidad retrocedi\u00f3 a Fase 4"},"content":{"rendered":"<!-- VideographyWP Plugin Message: Automatic video embedding prevented by plugin options. -->\n\n<p>De los 16 municipios de la provincia de Buenos Aires que se encontraban en Fase 5 por la pandemia, ahora s\u00f3lo quedan siete. Arrecifes y Capit\u00e1n Sarmiento son dos de los que retrocedieron a Fase 4 por haber tenido m\u00e1s de diez nuevos casos semanales cada cien mil habitantes.<\/p>\n\n\n\n<p>En nuestra regi\u00f3n ya no quedan ciudades en Fase 5. La m\u00e1s complicada es Pergamino, que descendi\u00f3 a Fase 3 considerando que en la vecina localidad se produjo \u201cun brote o un aumento significativo y repentino de casos de COVID-19\u201d. Chacabuco y Chivilcoy se encuentran en la misma situaci\u00f3n.<\/p>\n\n\n\n<p>De los 135 distritos bonaerenses, 66 est\u00e1n en Fase 3, 62 en Fase 4 y apenas 7 en Fase 45.<a rel=\"noreferrer noopener\" href=\"https:\/\/www.facebook.com\/dialog\/send?app_id=140586622674265&amp;link=https%3A%2F%2Farrecifesnoticias.com%2Fnacionales%2Farrecifes-retrocedio-a-fase-4%2F&amp;redirect_uri=https%3A%2F%2Farrecifesnoticias.com%2Fnacionales%2Farrecifes-retrocedio-a-fase-4%2F\" target=\"_blank\"><\/a><\/p>\n","protected":false},"excerpt":{"rendered":"<p>De los 16 municipios de la provincia de Buenos Aires que se encontraban en Fase 5 por la pandemia, ahora s\u00f3lo quedan siete. Arrecifes y Capit\u00e1n Sarmiento son dos de los que retrocedieron a Fase 4 por haber tenido m\u00e1s de diez nuevos casos semanales cada cien mil habitantes. En nuestra regi\u00f3n ya no quedan [&hellip;]<\/p>\n","protected":false},"author":4,"featured_media":90841,"comment_status":"open","ping_status":"closed","sticky":false,"template":"","format":"standard","meta":{"om_disable_all_campaigns":false,"_jetpack_memberships_contains_paid_content":false,"footnotes":""},"categories":[621],"tags":[],"class_list":["post-90840","post","type-post","status-publish","format-standard","has-post-thumbnail","hentry","category-regionales"],"aioseo_notices":[],"gutentor_comment":0,"jetpack_featured_media_url":"https:\/\/eldiariodesanpedro.com.ar\/sitio\/wp-content\/uploads\/2021\/04\/Arrecifes-Fase-4-720x510-1.jpg","jetpack_shortlink":"https:\/\/wp.me\/p6RhLt-nDa","jetpack_sharing_enabled":true,"_links":{"self":[{"href":"https:\/\/eldiariodesanpedro.com.ar\/sitio\/wp-json\/wp\/v2\/posts\/90840","targetHints":{"allow":["GET"]}}],"collection":[{"href":"https:\/\/eldiariodesanpedro.com.ar\/sitio\/wp-json\/wp\/v2\/posts"}],"about":[{"href":"https:\/\/eldiariodesanpedro.com.ar\/sitio\/wp-json\/wp\/v2\/types\/post"}],"author":[{"embeddable":true,"href":"https:\/\/eldiariodesanpedro.com.ar\/sitio\/wp-json\/wp\/v2\/users\/4"}],"replies":[{"embeddable":true,"href":"https:\/\/eldiariodesanpedro.com.ar\/sitio\/wp-json\/wp\/v2\/comments?post=90840"}],"version-history":[{"count":1,"href":"https:\/\/eldiariodesanpedro.com.ar\/sitio\/wp-json\/wp\/v2\/posts\/90840\/revisions"}],"predecessor-version":[{"id":90842,"href":"https:\/\/eldiariodesanpedro.com.ar\/sitio\/wp-json\/wp\/v2\/posts\/90840\/revisions\/90842"}],"wp:featuredmedia":[{"embeddable":true,"href":"https:\/\/eldiariodesanpedro.com.ar\/sitio\/wp-json\/wp\/v2\/media\/90841"}],"wp:attachment":[{"href":"https:\/\/eldiariodesanpedro.com.ar\/sitio\/wp-json\/wp\/v2\/media?parent=90840"}],"wp:term":[{"taxonomy":"category","embeddable":true,"href":"https:\/\/eldiariodesanpedro.com.ar\/sitio\/wp-json\/wp\/v2\/categories?post=90840"},{"taxonomy":"post_tag","embeddable":true,"href":"https:\/\/eldiariodesanpedro.com.ar\/sitio\/wp-json\/wp\/v2\/tags?post=90840"}],"curies":[{"name":"wp","href":"https:\/\/api.w.org\/{rel}","templated":true}]}}