{"id":90820,"date":"2021-04-13T12:34:15","date_gmt":"2021-04-13T15:34:15","guid":{"rendered":"https:\/\/eldiariodesanpedro.com.ar\/sitio\/?p=90820"},"modified":"2021-04-13T12:34:19","modified_gmt":"2021-04-13T15:34:19","slug":"desayunos-de-trabajo-en-el-ccit-y-propuestas-del-hospital-pyme","status":"publish","type":"post","link":"https:\/\/eldiariodesanpedro.com.ar\/sitio\/desayunos-de-trabajo-en-el-ccit-y-propuestas-del-hospital-pyme\/","title":{"rendered":"Desayunos de trabajo en el CCIT y propuestas del Hospital PyME"},"content":{"rendered":"<!-- VideographyWP Plugin Message: Automatic video embedding prevented by plugin options. -->\n\n<p>\u00abAvanzando hacia una nueva visi\u00f3n del desarrollo, innovadora, diversificada y con una mirada integradora\u00bb<\/p>\n\n\n\n<p>Continuando con los desayunos de trabajo semanal, propuesto desde la presidencia del CCIT como parte de las acciones encuadradas dentro del Hospital PyME, el pasado jueves 8 de abril, participaron de la reuni\u00f3n, contadores, abogados y representantes del sector aduanero.<\/p>\n\n\n\n<p>Este nuevo encuentro fue encabezado por Ra\u00fal Cheyllada, presidente del Centro de Comercio, Industria y Turismo de San Pedro (CCIT) manteniendo esta iniciativa que se plantea desde la comisi\u00f3n directiva para pensar el desarrollo de una manera diferente que permita avanzar hacia una visi\u00f3n m\u00e1s innovadora, diversificada e integradora en el contexto actual.<\/p>\n\n\n\n<p>Cheyllada explic\u00f3 que desde la entidad que representa, se desarrollan distintas acciones con la creaci\u00f3n del Hospital PyME, que apunta a elaborar un diagn\u00f3stico de la situaci\u00f3n por la cual atraviesan los distintos actores; desde un almac\u00e9n hasta una empresa &nbsp;de peque\u00f1a, mediana o gran envergadura, escuchando de primera en boca de sus responsables, inquietudes y problem\u00e1ticas puntuales para poder acompa\u00f1arlos en su plan de acci\u00f3n.<\/p>\n\n\n\n<p>En estos primeros encuentros ya han surgido algunas conclusiones que hacen referencia a la falta de empat\u00eda del Estado, los obst\u00e1culos que se presentan a la hora de tomar decisiones en su comercio o empresa, el desconocimiento de la legislaci\u00f3n y tr\u00e1mites, la competencia desleal, las presiones gremiales, la necesidad de incorporar las actividades informales al sistema y una preocupante disminuci\u00f3n del porcentaje de las ventas. Muchas de estas inquietudes se han convertido en gestiones planteadas desde la Comisi\u00f3n Directiva para elevar a organismos locales y provinciales, asociaciones y confederaciones.<\/p>\n\n\n\n<p>Con el objetivo de responder a los requerimientos que se reciben, se est\u00e1 conformando un equipo de asistencia t\u00e9cnica para los asociados con asesoramiento y evaluaci\u00f3n sobre aspectos muy importantes que merecen un abordaje multidisciplinario.<\/p>\n\n\n\n<p>Son materia de an\u00e1lisis los temas econ\u00f3micos y financieros que contemplan el contexto de pandemia, la realidad de recursos humanos, el desarrollo de nuevos proyectos de negocios e inversiones, cuestiones relacionadas con la contrataci\u00f3n de proveedores, las alianzas estrat\u00e9gicas que puedan realizarse para tener una mayor competencia en los precios, la reconversi\u00f3n, el comercio electr\u00f3nico, temas medioambientales, teletrabajo y tecnolog\u00eda en innovaci\u00f3n, entre otros puntos.<\/p>\n\n\n\n<p>La din\u00e1mica que se plantear\u00e1 a los asociados permitir\u00e1 que se acceda a contar con uno o m\u00e1s profesionales integrantes de este equipo de asistencia t\u00e9cnica, relacionados con la problem\u00e1tica que presente, para asesorarse en dichas cuestiones.<\/p>\n\n\n\n<p>Estas consultas ser\u00e1n de car\u00e1cter confidencial y con una primera entrevista gratuita que derive en una propuesta para que, en caso de considerarla interesante, se convierta en una asesor\u00eda planificada a cargo del empresario o comerciante, dentro de par\u00e1metros establecidos por la entidad para hacer m\u00e1s accesible esta herramienta.<\/p>\n\n\n\n<p>En paralelo con estos desayunos que pueden planificarse contactandose a trav\u00e9s del whatsapp&nbsp;<strong>3329-599000<\/strong>&nbsp;o acerc\u00e1ndose a Mitre 650, se ha abierto un registro a trav\u00e9s de los mismos canales de comunicaci\u00f3n para que los profesionales que deseen formar parte de este equipo presenten sus propuestas.<\/p>\n\n\n\n<p>\u201cEs fundamental en estos tiempos contar con un Centro de Estudios Econ\u00f3micos, que permita tener una fotograf\u00eda econ\u00f3mica y financiera de los diferentes sectores, para proveerlos de informaci\u00f3n, en funci\u00f3n de aunar criterios y establecer pol\u00edticas de desarrollo con una mirada colectiva.<\/p>\n\n\n\n<p>M\u00e1s que nunca debemos estar unidos y participar desde un lugar constructivo potencializando las capacidades de la ciudad con todos sus actores. Hay que hacer un an\u00e1lisis transversal, analizar el contexto y ver c\u00f3mo sumamos propuestas de valor; es necesario pensar juntos c\u00f3mo lo resolvemos\u201d, expres\u00f3 Cheyllada quien adem\u00e1s agradeci\u00f3 el inter\u00e9s y la buena recepci\u00f3n que encuentra esta iniciativa en los diferentes sectores convocados.<\/p>\n","protected":false},"excerpt":{"rendered":"<p>\u00abAvanzando hacia una nueva visi\u00f3n del desarrollo, innovadora, diversificada y con una mirada integradora\u00bb Continuando con los desayunos de trabajo semanal, propuesto desde la presidencia del CCIT como parte de las acciones encuadradas dentro del Hospital PyME, el pasado jueves 8 de abril, participaron de la reuni\u00f3n, contadores, abogados y representantes del sector aduanero. Este [&hellip;]<\/p>\n","protected":false},"author":4,"featured_media":90821,"comment_status":"open","ping_status":"closed","sticky":false,"template":"","format":"standard","meta":{"om_disable_all_campaigns":false,"_jetpack_memberships_contains_paid_content":false,"footnotes":""},"categories":[101,2],"tags":[],"class_list":["post-90820","post","type-post","status-publish","format-standard","has-post-thumbnail","hentry","category-interes-general-locales","category-locales"],"aioseo_notices":[],"gutentor_comment":0,"jetpack_featured_media_url":"https:\/\/eldiariodesanpedro.com.ar\/sitio\/wp-content\/uploads\/2021\/04\/desayuno1.jpg","jetpack_shortlink":"https:\/\/wp.me\/p6RhLt-nCQ","jetpack_sharing_enabled":true,"_links":{"self":[{"href":"https:\/\/eldiariodesanpedro.com.ar\/sitio\/wp-json\/wp\/v2\/posts\/90820","targetHints":{"allow":["GET"]}}],"collection":[{"href":"https:\/\/eldiariodesanpedro.com.ar\/sitio\/wp-json\/wp\/v2\/posts"}],"about":[{"href":"https:\/\/eldiariodesanpedro.com.ar\/sitio\/wp-json\/wp\/v2\/types\/post"}],"author":[{"embeddable":true,"href":"https:\/\/eldiariodesanpedro.com.ar\/sitio\/wp-json\/wp\/v2\/users\/4"}],"replies":[{"embeddable":true,"href":"https:\/\/eldiariodesanpedro.com.ar\/sitio\/wp-json\/wp\/v2\/comments?post=90820"}],"version-history":[{"count":1,"href":"https:\/\/eldiariodesanpedro.com.ar\/sitio\/wp-json\/wp\/v2\/posts\/90820\/revisions"}],"predecessor-version":[{"id":90822,"href":"https:\/\/eldiariodesanpedro.com.ar\/sitio\/wp-json\/wp\/v2\/posts\/90820\/revisions\/90822"}],"wp:featuredmedia":[{"embeddable":true,"href":"https:\/\/eldiariodesanpedro.com.ar\/sitio\/wp-json\/wp\/v2\/media\/90821"}],"wp:attachment":[{"href":"https:\/\/eldiariodesanpedro.com.ar\/sitio\/wp-json\/wp\/v2\/media?parent=90820"}],"wp:term":[{"taxonomy":"category","embeddable":true,"href":"https:\/\/eldiariodesanpedro.com.ar\/sitio\/wp-json\/wp\/v2\/categories?post=90820"},{"taxonomy":"post_tag","embeddable":true,"href":"https:\/\/eldiariodesanpedro.com.ar\/sitio\/wp-json\/wp\/v2\/tags?post=90820"}],"curies":[{"name":"wp","href":"https:\/\/api.w.org\/{rel}","templated":true}]}}