{"id":90817,"date":"2021-04-13T12:30:21","date_gmt":"2021-04-13T15:30:21","guid":{"rendered":"https:\/\/eldiariodesanpedro.com.ar\/sitio\/?p=90817"},"modified":"2021-04-13T12:48:04","modified_gmt":"2021-04-13T15:48:04","slug":"se-trasladaron-6-detenidos-en-la-comisaria-local-a-la-up3-de-san-nicolas-por-pedido-de-la-defensoria-penal","status":"publish","type":"post","link":"https:\/\/eldiariodesanpedro.com.ar\/sitio\/se-trasladaron-6-detenidos-en-la-comisaria-local-a-la-up3-de-san-nicolas-por-pedido-de-la-defensoria-penal\/","title":{"rendered":"Se trasladaron 6 detenidos en la comisaria local a la UP3 de San Nicol\u00e1s por pedido de la defensor\u00eda penal"},"content":{"rendered":"<!-- VideographyWP Plugin Message: Automatic video embedding prevented by plugin options. -->\n\n<p>Una importante comisi\u00f3n policial parti\u00f3 de la comisar\u00eda local&nbsp; promediando las 08 hs de hoy , trasladando seis detenidos a la unidad carcelaria de San Nicol\u00e1s, donde permanecer\u00e1n alojados en mismo car\u00e1cter a disposici\u00f3n de la justicia.&nbsp;<\/p>\n\n\n\n<p>Entre ellos fue trasladado el \u00fanico detenido que tiene la causa del robo c\u00e9ntrico a la firma tarjeta fertil.&nbsp;&nbsp;<\/p>\n\n\n\n<p>Estos traslados se suman a seis que se realizaron la semana pasada, ante la presentaci\u00f3n judicial por parte de la defensor\u00eda penal, para que sean reubicados en c\u00e1rceles, por carencia de espacio f\u00edsico en la dependencia policial.&nbsp;<\/p>\n\n\n\n<p>En los pr\u00f3ximos d\u00edas se prev\u00e9n m\u00e1s traslados .<\/p>\n","protected":false},"excerpt":{"rendered":"<p>Una importante comisi\u00f3n policial parti\u00f3 de la comisar\u00eda local&nbsp; promediando las 08 hs de hoy , trasladando seis detenidos a la unidad carcelaria de San Nicol\u00e1s, donde permanecer\u00e1n alojados en mismo car\u00e1cter a disposici\u00f3n de la justicia.&nbsp; Entre ellos fue trasladado el \u00fanico detenido que tiene la causa del robo c\u00e9ntrico a la firma tarjeta [&hellip;]<\/p>\n","protected":false},"author":4,"featured_media":45394,"comment_status":"open","ping_status":"closed","sticky":false,"template":"","format":"standard","meta":{"om_disable_all_campaigns":false,"_jetpack_memberships_contains_paid_content":false,"footnotes":""},"categories":[50,2,103],"tags":[],"class_list":["post-90817","post","type-post","status-publish","format-standard","has-post-thumbnail","hentry","category-destacadas","category-locales","category-policiales-locales"],"aioseo_notices":[],"gutentor_comment":0,"jetpack_featured_media_url":"https:\/\/eldiariodesanpedro.com.ar\/sitio\/wp-content\/uploads\/2019\/01\/comisaria.jpg","jetpack_shortlink":"https:\/\/wp.me\/p6RhLt-nCN","jetpack_sharing_enabled":true,"_links":{"self":[{"href":"https:\/\/eldiariodesanpedro.com.ar\/sitio\/wp-json\/wp\/v2\/posts\/90817","targetHints":{"allow":["GET"]}}],"collection":[{"href":"https:\/\/eldiariodesanpedro.com.ar\/sitio\/wp-json\/wp\/v2\/posts"}],"about":[{"href":"https:\/\/eldiariodesanpedro.com.ar\/sitio\/wp-json\/wp\/v2\/types\/post"}],"author":[{"embeddable":true,"href":"https:\/\/eldiariodesanpedro.com.ar\/sitio\/wp-json\/wp\/v2\/users\/4"}],"replies":[{"embeddable":true,"href":"https:\/\/eldiariodesanpedro.com.ar\/sitio\/wp-json\/wp\/v2\/comments?post=90817"}],"version-history":[{"count":1,"href":"https:\/\/eldiariodesanpedro.com.ar\/sitio\/wp-json\/wp\/v2\/posts\/90817\/revisions"}],"predecessor-version":[{"id":90819,"href":"https:\/\/eldiariodesanpedro.com.ar\/sitio\/wp-json\/wp\/v2\/posts\/90817\/revisions\/90819"}],"wp:featuredmedia":[{"embeddable":true,"href":"https:\/\/eldiariodesanpedro.com.ar\/sitio\/wp-json\/wp\/v2\/media\/45394"}],"wp:attachment":[{"href":"https:\/\/eldiariodesanpedro.com.ar\/sitio\/wp-json\/wp\/v2\/media?parent=90817"}],"wp:term":[{"taxonomy":"category","embeddable":true,"href":"https:\/\/eldiariodesanpedro.com.ar\/sitio\/wp-json\/wp\/v2\/categories?post=90817"},{"taxonomy":"post_tag","embeddable":true,"href":"https:\/\/eldiariodesanpedro.com.ar\/sitio\/wp-json\/wp\/v2\/tags?post=90817"}],"curies":[{"name":"wp","href":"https:\/\/api.w.org\/{rel}","templated":true}]}}