{"id":90800,"date":"2021-04-13T10:16:26","date_gmt":"2021-04-13T13:16:26","guid":{"rendered":"https:\/\/eldiariodesanpedro.com.ar\/sitio\/?p=90800"},"modified":"2021-04-13T11:36:47","modified_gmt":"2021-04-13T14:36:47","slug":"se-recupero-parte-del-millon-robado-en-calle-mitre-y-el-autor-fue-un-familiar-del-propietario-de-la-vivienda","status":"publish","type":"post","link":"https:\/\/eldiariodesanpedro.com.ar\/sitio\/se-recupero-parte-del-millon-robado-en-calle-mitre-y-el-autor-fue-un-familiar-del-propietario-de-la-vivienda\/","title":{"rendered":"Se recupero parte del mill\u00f3n robado en calle Mitre y el autor fue un familiar del propietario de la vivienda"},"content":{"rendered":"<!-- VideographyWP Plugin Message: Automatic video embedding prevented by plugin options. -->\n\n<p>A ra\u00edz del hecho de hurto que tomara p\u00fablico conocimiento acaecido en mitre al 1300, el domingo pasado en horas de la tarde, tras las investigaciones realizadas por el personal del gabinete criminol\u00f3gico de la comisar\u00eda, analizadas c\u00e1maras de seguridad, se determin\u00f3 autor\u00eda, y que guarda connotaci\u00f3n intrafamiliar.&nbsp;<\/p>\n\n\n\n<p>El autor fue el hermanastro del hijo del denunciante, quien a trav\u00e9s de los familiares habr\u00eda facilitado el acceso a la vivienda, y sin provocar violencia, sustrajo de un mueble importante suma de dinero efectivo.\u00a0<\/p>\n\n\n\n<p>En la noche de ayer, el mismo denunciante que ya estaba al tanto de los resultados, logr\u00f3 recuperar de familiares directos, gran cantidad del dinero sustra\u00eddo, por medios propios y el cual les fue devuelto reconociendo su participaci\u00f3n, dinero que el denunciante ya tiene en su poder.&nbsp;<\/p>\n\n\n\n<p>Prosigue la investigaci\u00f3n con intervenci\u00f3n de la justicia local.<\/p>\n","protected":false},"excerpt":{"rendered":"<p>A ra\u00edz del hecho de hurto que tomara p\u00fablico conocimiento acaecido en mitre al 1300, el domingo pasado en horas de la tarde, tras las investigaciones realizadas por el personal del gabinete criminol\u00f3gico de la comisar\u00eda, analizadas c\u00e1maras de seguridad, se determin\u00f3 autor\u00eda, y que guarda connotaci\u00f3n intrafamiliar.&nbsp; El autor fue el hermanastro del hijo [&hellip;]<\/p>\n","protected":false},"author":4,"featured_media":78843,"comment_status":"open","ping_status":"closed","sticky":false,"template":"","format":"standard","meta":{"om_disable_all_campaigns":false,"_jetpack_memberships_contains_paid_content":false,"footnotes":""},"categories":[50,2,103],"tags":[],"class_list":["post-90800","post","type-post","status-publish","format-standard","has-post-thumbnail","hentry","category-destacadas","category-locales","category-policiales-locales"],"aioseo_notices":[],"gutentor_comment":0,"jetpack_featured_media_url":"https:\/\/eldiariodesanpedro.com.ar\/sitio\/wp-content\/uploads\/2020\/08\/0.jpg","jetpack_shortlink":"https:\/\/wp.me\/p6RhLt-nCw","jetpack_sharing_enabled":true,"_links":{"self":[{"href":"https:\/\/eldiariodesanpedro.com.ar\/sitio\/wp-json\/wp\/v2\/posts\/90800","targetHints":{"allow":["GET"]}}],"collection":[{"href":"https:\/\/eldiariodesanpedro.com.ar\/sitio\/wp-json\/wp\/v2\/posts"}],"about":[{"href":"https:\/\/eldiariodesanpedro.com.ar\/sitio\/wp-json\/wp\/v2\/types\/post"}],"author":[{"embeddable":true,"href":"https:\/\/eldiariodesanpedro.com.ar\/sitio\/wp-json\/wp\/v2\/users\/4"}],"replies":[{"embeddable":true,"href":"https:\/\/eldiariodesanpedro.com.ar\/sitio\/wp-json\/wp\/v2\/comments?post=90800"}],"version-history":[{"count":2,"href":"https:\/\/eldiariodesanpedro.com.ar\/sitio\/wp-json\/wp\/v2\/posts\/90800\/revisions"}],"predecessor-version":[{"id":90805,"href":"https:\/\/eldiariodesanpedro.com.ar\/sitio\/wp-json\/wp\/v2\/posts\/90800\/revisions\/90805"}],"wp:featuredmedia":[{"embeddable":true,"href":"https:\/\/eldiariodesanpedro.com.ar\/sitio\/wp-json\/wp\/v2\/media\/78843"}],"wp:attachment":[{"href":"https:\/\/eldiariodesanpedro.com.ar\/sitio\/wp-json\/wp\/v2\/media?parent=90800"}],"wp:term":[{"taxonomy":"category","embeddable":true,"href":"https:\/\/eldiariodesanpedro.com.ar\/sitio\/wp-json\/wp\/v2\/categories?post=90800"},{"taxonomy":"post_tag","embeddable":true,"href":"https:\/\/eldiariodesanpedro.com.ar\/sitio\/wp-json\/wp\/v2\/tags?post=90800"}],"curies":[{"name":"wp","href":"https:\/\/api.w.org\/{rel}","templated":true}]}}