{"id":90797,"date":"2021-04-13T09:38:58","date_gmt":"2021-04-13T12:38:58","guid":{"rendered":"https:\/\/eldiariodesanpedro.com.ar\/sitio\/?p=90797"},"modified":"2021-04-13T09:39:02","modified_gmt":"2021-04-13T12:39:02","slug":"el-gobierno-analiza-mas-restricciones-a-la-circulacion","status":"publish","type":"post","link":"https:\/\/eldiariodesanpedro.com.ar\/sitio\/el-gobierno-analiza-mas-restricciones-a-la-circulacion\/","title":{"rendered":"El Gobierno analiza m\u00e1s restricciones a la circulaci\u00f3n"},"content":{"rendered":"<!-- VideographyWP Plugin Message: Automatic video embedding prevented by plugin options. -->\n\n<p>El presidente&nbsp;<strong>Alberto Fern\u00e1ndez<\/strong>&nbsp;eval\u00faa nuevas&nbsp;<strong>medidas restrictivas<\/strong>&nbsp;<strong>para la circulaci\u00f3n<\/strong>&nbsp;ante el pedido del comit\u00e9 de expertos que advirti\u00f3 sobre \u201c<strong>una nueva&nbsp;pandemia<\/strong>\u201d debido a que durante el fin de semana no ha mermado la cantidad de gente en la calle, adelant\u00f3 C5N.<\/p>\n\n\n\n<p>El mandatario, que est\u00e1 cursando su \u00faltimo d\u00eda de aislamiento por su cuadro de&nbsp;coronavirus, analiza restricciones m\u00e1s severas tras conocerse nuevas&nbsp;<strong>fiestas clandestinas<\/strong>&nbsp;durante el fin de semana, y el pico de casos positivos en la Ciudad de Buenos Aires.<\/p>\n\n\n\n<p>Al respecto, Alberto Fern\u00e1ndez encabeza en la Quinta de Olivos una cumbre junto al jefe de Gabinete,&nbsp;<strong>Santiago Cafiero<\/strong>&nbsp;y los ministros de Salud,&nbsp;<strong>Carla Vizzotti<\/strong>, del Interior,&nbsp;<strong>Wado de Pedro<\/strong>&nbsp;y la secretaria de Legal y T\u00e9cnica,&nbsp;<strong>Vilma Ibarra<\/strong>&nbsp;en donde se eval\u00faan m\u00e1s medidas.<\/p>\n\n\n\n<p><strong>Se prev\u00e9n nuevas restricciones<\/strong><\/p>\n\n\n\n<p>Los expertos que se reunieron con Cafiero y Vizzotti en Casa Rosada advirtieron que para poder&nbsp;<strong>mantener la actividad econ\u00f3mica y la presencialidad en las escuelas<\/strong>&nbsp;hace falta \u201cm\u00e1s conciencia social y otras restricciones\u201d, por lo que se prev\u00e9n m\u00e1s restricciones para la circulaci\u00f3n como primera medida.<\/p>\n\n\n\n<p>\u201c<strong>La segunda ola no es m\u00e1s de los mismo, el escenario no es igual<\/strong>. Las nuevas variantes que ya circulan en Argentina han hecho estragos en otros pa\u00edses\u201d, advirtieron los especialistas al Gobierno, seg\u00fan pudo tener acceso C5N. \u201c<strong>Es casi una nueva pandemia<\/strong>\u201d, raz\u00f3n por la cual reclamaron m\u00e1s restricciones en actividades deportivas y recreativas.<\/p>\n\n\n\n<p>\u201c<strong>Si no se baja la circulaci\u00f3n de la gente, no bajar\u00e1 la circulaci\u00f3n de virus<\/strong>\u201d, explicaron.<\/p>\n\n\n\n<p>Seg\u00fan el monitoreo nacional, un total de\u00a0<strong>19.437 personas<\/strong>\u00a0fueron reportadas\u00a0<strong>con coronavirus<\/strong>\u00a0en las\u00a0<strong>\u00faltimas 24 horas en la Argentina<\/strong>, de las cuales 9.535 pertenecen a la provincia de Buenos Aires y 3.358 a la Ciudad de Buenos Aires. <\/p>\n\n\n\n<p>Fuente: \u00c1mbito<\/p>\n","protected":false},"excerpt":{"rendered":"<p>El presidente&nbsp;Alberto Fern\u00e1ndez&nbsp;eval\u00faa nuevas&nbsp;medidas restrictivas&nbsp;para la circulaci\u00f3n&nbsp;ante el pedido del comit\u00e9 de expertos que advirti\u00f3 sobre \u201cuna nueva&nbsp;pandemia\u201d debido a que durante el fin de semana no ha mermado la cantidad de gente en la calle, adelant\u00f3 C5N. El mandatario, que est\u00e1 cursando su \u00faltimo d\u00eda de aislamiento por su cuadro de&nbsp;coronavirus, analiza restricciones m\u00e1s [&hellip;]<\/p>\n","protected":false},"author":4,"featured_media":90798,"comment_status":"open","ping_status":"closed","sticky":false,"template":"","format":"standard","meta":{"om_disable_all_campaigns":false,"_jetpack_memberships_contains_paid_content":false,"footnotes":""},"categories":[621],"tags":[],"class_list":["post-90797","post","type-post","status-publish","format-standard","has-post-thumbnail","hentry","category-regionales"],"aioseo_notices":[],"gutentor_comment":0,"jetpack_featured_media_url":"https:\/\/eldiariodesanpedro.com.ar\/sitio\/wp-content\/uploads\/2021\/04\/alberto-fernandez.jpeg","jetpack_shortlink":"https:\/\/wp.me\/p6RhLt-nCt","jetpack_sharing_enabled":true,"_links":{"self":[{"href":"https:\/\/eldiariodesanpedro.com.ar\/sitio\/wp-json\/wp\/v2\/posts\/90797","targetHints":{"allow":["GET"]}}],"collection":[{"href":"https:\/\/eldiariodesanpedro.com.ar\/sitio\/wp-json\/wp\/v2\/posts"}],"about":[{"href":"https:\/\/eldiariodesanpedro.com.ar\/sitio\/wp-json\/wp\/v2\/types\/post"}],"author":[{"embeddable":true,"href":"https:\/\/eldiariodesanpedro.com.ar\/sitio\/wp-json\/wp\/v2\/users\/4"}],"replies":[{"embeddable":true,"href":"https:\/\/eldiariodesanpedro.com.ar\/sitio\/wp-json\/wp\/v2\/comments?post=90797"}],"version-history":[{"count":1,"href":"https:\/\/eldiariodesanpedro.com.ar\/sitio\/wp-json\/wp\/v2\/posts\/90797\/revisions"}],"predecessor-version":[{"id":90799,"href":"https:\/\/eldiariodesanpedro.com.ar\/sitio\/wp-json\/wp\/v2\/posts\/90797\/revisions\/90799"}],"wp:featuredmedia":[{"embeddable":true,"href":"https:\/\/eldiariodesanpedro.com.ar\/sitio\/wp-json\/wp\/v2\/media\/90798"}],"wp:attachment":[{"href":"https:\/\/eldiariodesanpedro.com.ar\/sitio\/wp-json\/wp\/v2\/media?parent=90797"}],"wp:term":[{"taxonomy":"category","embeddable":true,"href":"https:\/\/eldiariodesanpedro.com.ar\/sitio\/wp-json\/wp\/v2\/categories?post=90797"},{"taxonomy":"post_tag","embeddable":true,"href":"https:\/\/eldiariodesanpedro.com.ar\/sitio\/wp-json\/wp\/v2\/tags?post=90797"}],"curies":[{"name":"wp","href":"https:\/\/api.w.org\/{rel}","templated":true}]}}