{"id":90794,"date":"2021-04-13T09:36:37","date_gmt":"2021-04-13T12:36:37","guid":{"rendered":"https:\/\/eldiariodesanpedro.com.ar\/sitio\/?p=90794"},"modified":"2021-04-13T09:36:42","modified_gmt":"2021-04-13T12:36:42","slug":"berni-tenemos-que-cerrar-tres-semanas-de-verdadera-cuarentena","status":"publish","type":"post","link":"https:\/\/eldiariodesanpedro.com.ar\/sitio\/berni-tenemos-que-cerrar-tres-semanas-de-verdadera-cuarentena\/","title":{"rendered":"Berni: \u201cTenemos que cerrar tres semanas de verdadera cuarentena\u201d"},"content":{"rendered":"<!-- VideographyWP Plugin Message: Automatic video embedding prevented by plugin options. -->\n\n<p>El ministro de Seguridad de la Provincia de Buenos Aires,&nbsp;<strong>Sergio Berni<\/strong>, sostuvo en declaraciones a C5N que ante el incremento de casos de&nbsp;Covid-19&nbsp;<strong>\u201ctenemos que cerrar tres semanas de verdadera cuarentena\u201d<\/strong>.<strong>\u201cLo que pasa en la Ciudad de Buenos Aires es el espejo de lo que nos va a venir pasando a partir de la tercera semana en el resto del pa\u00eds, porque se va desparramando como una mancha de aceite\u201d,&nbsp;<\/strong>afirm\u00f3.Adem\u00e1s, Berni sostuvo que&nbsp;<strong>\u201cesta irresponsabilidad de seguir insistiendo que CABA est\u00e1 bien, que le sobran camas, y que puede seguir resistiendo, es un grado de irresponsabilidad e inconciencia\u201d<\/strong>.<\/p>\n\n\n\n<p><strong>\u201cYo creo que hay tres clases de dirigentes pol\u00edticos, aquellos que tienen responsabilidad de gesti\u00f3n, entonces comprenden y entienden lo que significa una emergencia, y despu\u00e9s tenemos los que no la tienen, como Macri y Bullrich. Por lo tanto, lo que le pueda pasar al conjunto de la sociedad la verdad que les importa poco\u201d<\/strong>, agreg\u00f3 el funcionario.<\/p>\n\n\n\n<p>Al respecto, el ministro bonaerense describi\u00f3 a parte de la oposici\u00f3n como&nbsp;<strong>\u201cgrandes lobbistas de grandes empresas\u201d<\/strong>.&nbsp;<strong>\u201cLarreta, una persona que tiene responsabilidad de gesti\u00f3n, pero la sigue por las encuestas y no por el sentido com\u00fan\u201d<\/strong>, concluy\u00f3.<\/p>\n\n\n\n<p>En la&nbsp;\u00faltimas 24 horas murieron 179 personas y 19.437 fueron reportadas con coronavirus<strong>,&nbsp;<\/strong>donde la ocupaci\u00f3n de camas UTI en el AMBA trep\u00f3 al 67,9%. En CABA, en tanto, se contabilizaron 3.358 positivos y 37 muertes.<\/p>\n","protected":false},"excerpt":{"rendered":"<p>El ministro de Seguridad de la Provincia de Buenos Aires,&nbsp;Sergio Berni, sostuvo en declaraciones a C5N que ante el incremento de casos de&nbsp;Covid-19&nbsp;\u201ctenemos que cerrar tres semanas de verdadera cuarentena\u201d.\u201cLo que pasa en la Ciudad de Buenos Aires es el espejo de lo que nos va a venir pasando a partir de la tercera semana [&hellip;]<\/p>\n","protected":false},"author":4,"featured_media":90795,"comment_status":"open","ping_status":"closed","sticky":false,"template":"","format":"standard","meta":{"om_disable_all_campaigns":false,"_jetpack_memberships_contains_paid_content":false,"footnotes":""},"categories":[621],"tags":[],"class_list":["post-90794","post","type-post","status-publish","format-standard","has-post-thumbnail","hentry","category-regionales"],"aioseo_notices":[],"gutentor_comment":0,"jetpack_featured_media_url":"https:\/\/eldiariodesanpedro.com.ar\/sitio\/wp-content\/uploads\/2021\/04\/segio-berni.jpg","jetpack_shortlink":"https:\/\/wp.me\/p6RhLt-nCq","jetpack_sharing_enabled":true,"_links":{"self":[{"href":"https:\/\/eldiariodesanpedro.com.ar\/sitio\/wp-json\/wp\/v2\/posts\/90794","targetHints":{"allow":["GET"]}}],"collection":[{"href":"https:\/\/eldiariodesanpedro.com.ar\/sitio\/wp-json\/wp\/v2\/posts"}],"about":[{"href":"https:\/\/eldiariodesanpedro.com.ar\/sitio\/wp-json\/wp\/v2\/types\/post"}],"author":[{"embeddable":true,"href":"https:\/\/eldiariodesanpedro.com.ar\/sitio\/wp-json\/wp\/v2\/users\/4"}],"replies":[{"embeddable":true,"href":"https:\/\/eldiariodesanpedro.com.ar\/sitio\/wp-json\/wp\/v2\/comments?post=90794"}],"version-history":[{"count":1,"href":"https:\/\/eldiariodesanpedro.com.ar\/sitio\/wp-json\/wp\/v2\/posts\/90794\/revisions"}],"predecessor-version":[{"id":90796,"href":"https:\/\/eldiariodesanpedro.com.ar\/sitio\/wp-json\/wp\/v2\/posts\/90794\/revisions\/90796"}],"wp:featuredmedia":[{"embeddable":true,"href":"https:\/\/eldiariodesanpedro.com.ar\/sitio\/wp-json\/wp\/v2\/media\/90795"}],"wp:attachment":[{"href":"https:\/\/eldiariodesanpedro.com.ar\/sitio\/wp-json\/wp\/v2\/media?parent=90794"}],"wp:term":[{"taxonomy":"category","embeddable":true,"href":"https:\/\/eldiariodesanpedro.com.ar\/sitio\/wp-json\/wp\/v2\/categories?post=90794"},{"taxonomy":"post_tag","embeddable":true,"href":"https:\/\/eldiariodesanpedro.com.ar\/sitio\/wp-json\/wp\/v2\/tags?post=90794"}],"curies":[{"name":"wp","href":"https:\/\/api.w.org\/{rel}","templated":true}]}}