{"id":90791,"date":"2021-04-13T09:33:55","date_gmt":"2021-04-13T12:33:55","guid":{"rendered":"https:\/\/eldiariodesanpedro.com.ar\/sitio\/?p=90791"},"modified":"2021-04-13T09:34:00","modified_gmt":"2021-04-13T12:34:00","slug":"zarate-en-toyota-registraron-1-500-casos-positivos-de-coronavirus-desde-el-inicio-de-la-pandemia-y-aseguraron-que-los-contagios-no-se-produjeron-en-el-interior-de-la-planta","status":"publish","type":"post","link":"https:\/\/eldiariodesanpedro.com.ar\/sitio\/zarate-en-toyota-registraron-1-500-casos-positivos-de-coronavirus-desde-el-inicio-de-la-pandemia-y-aseguraron-que-los-contagios-no-se-produjeron-en-el-interior-de-la-planta\/","title":{"rendered":"ZARATE | En Toyota registraron 1.500 casos positivos de Coronavirus desde el inicio de la Pandemia y aseguraron que \u201clos contagios no se produjeron en el interior de la Planta\u201d"},"content":{"rendered":"<!-- VideographyWP Plugin Message: Automatic video embedding prevented by plugin options. -->\n\n<p>Desde Toyota analizaron la situaci\u00f3n actual en la que est\u00e1n trabajando en medio del golpe de la segunda ola de contagios de Coronavirus, que los oblig\u00f3 a focalizar la producci\u00f3n \u00fanicamente en el turno ma\u00f1ana durante esta semana.<\/p>\n\n\n\n<p>El Gerente General de Responsabilidad Social de la empresa automotriz Toyota, Eduardo Kronberg analiz\u00f3 que \u201cla planta hoy est\u00e1 funcionando con el turno ma\u00f1ana\u201d y agreg\u00f3 que debido a los casos positivos de coronavirus que afectan al personal de dicho turno: \u201cparte del personal del turno tarde est\u00e1 cubriendo algunas posiciones del turno ma\u00f1ana\u201d.<\/p>\n\n\n\n<p>Adem\u00e1s asever\u00f3 que \u201cestamos con algo m\u00e1s de 100 testeos diarios\u201d e indic\u00f3 que en base a los datos arrojados por los testeos que realizan en el interior de la empresa pudieron constatar que \u201cla mayor\u00eda de los casos los recibimos de afuera\u201d.<\/p>\n\n\n\n<p>\u201cSuperamos los 1500 casos totales desde el indicio de la pandemia\u201d plante\u00f3 y se mostr\u00f3 consternado sobre \u201cel centro de visitas\u201d diciendo que \u201cest\u00e1bamos s\u00faper entusiasmados porque hab\u00edamos abierto sus puertas\u201d y ahora en consecuencia de las nuevas restricciones y la reducci\u00f3n de turnos \u201cest\u00e1 nuevamente cerrado\u201d.<\/p>\n\n\n\n<p>Coment\u00f3 que s\u00f3lo alcanzaron a recibir \u201cdos o tres grupos de comunidad\u201d pero di\u00f3 la noticia de que lanzar\u00e1 \u201calguna sesi\u00f3n live con preguntas y respuestas\u201d para sumarle las visitas virtuales que se efect\u00faan desde distintas instituciones educativas hacia el centro de visitas.<\/p>\n\n\n\n<p>\u00abPara nosotros fue un golpe lo de la semana pasada\u201d dado que diversos proyectos se ven demorados y puestos en pausa, por ejemplo sobre la producci\u00f3n en planta de Z\u00e1rate de la nueva Hilux H\u00edbrida que se proyectaba llevar a cabo a fin de este a\u00f1o comunic\u00f3 que \u201csabemos que antes del 2025 queremos cumplir ese objetivo\u201d pero que \u201cno va a ser este a\u00f1o, ni a fin de a\u00f1o el proyecto\u201d.<\/p>\n","protected":false},"excerpt":{"rendered":"<p>Desde Toyota analizaron la situaci\u00f3n actual en la que est\u00e1n trabajando en medio del golpe de la segunda ola de contagios de Coronavirus, que los oblig\u00f3 a focalizar la producci\u00f3n \u00fanicamente en el turno ma\u00f1ana durante esta semana. El Gerente General de Responsabilidad Social de la empresa automotriz Toyota, Eduardo Kronberg analiz\u00f3 que \u201cla planta [&hellip;]<\/p>\n","protected":false},"author":4,"featured_media":90792,"comment_status":"open","ping_status":"closed","sticky":false,"template":"","format":"standard","meta":{"om_disable_all_campaigns":false,"_jetpack_memberships_contains_paid_content":false,"footnotes":""},"categories":[621],"tags":[],"class_list":["post-90791","post","type-post","status-publish","format-standard","has-post-thumbnail","hentry","category-regionales"],"aioseo_notices":[],"gutentor_comment":0,"jetpack_featured_media_url":"https:\/\/eldiariodesanpedro.com.ar\/sitio\/wp-content\/uploads\/2021\/04\/TOYOTA-CORONAVIRUS.jpg","jetpack_shortlink":"https:\/\/wp.me\/p6RhLt-nCn","jetpack_sharing_enabled":true,"_links":{"self":[{"href":"https:\/\/eldiariodesanpedro.com.ar\/sitio\/wp-json\/wp\/v2\/posts\/90791","targetHints":{"allow":["GET"]}}],"collection":[{"href":"https:\/\/eldiariodesanpedro.com.ar\/sitio\/wp-json\/wp\/v2\/posts"}],"about":[{"href":"https:\/\/eldiariodesanpedro.com.ar\/sitio\/wp-json\/wp\/v2\/types\/post"}],"author":[{"embeddable":true,"href":"https:\/\/eldiariodesanpedro.com.ar\/sitio\/wp-json\/wp\/v2\/users\/4"}],"replies":[{"embeddable":true,"href":"https:\/\/eldiariodesanpedro.com.ar\/sitio\/wp-json\/wp\/v2\/comments?post=90791"}],"version-history":[{"count":1,"href":"https:\/\/eldiariodesanpedro.com.ar\/sitio\/wp-json\/wp\/v2\/posts\/90791\/revisions"}],"predecessor-version":[{"id":90793,"href":"https:\/\/eldiariodesanpedro.com.ar\/sitio\/wp-json\/wp\/v2\/posts\/90791\/revisions\/90793"}],"wp:featuredmedia":[{"embeddable":true,"href":"https:\/\/eldiariodesanpedro.com.ar\/sitio\/wp-json\/wp\/v2\/media\/90792"}],"wp:attachment":[{"href":"https:\/\/eldiariodesanpedro.com.ar\/sitio\/wp-json\/wp\/v2\/media?parent=90791"}],"wp:term":[{"taxonomy":"category","embeddable":true,"href":"https:\/\/eldiariodesanpedro.com.ar\/sitio\/wp-json\/wp\/v2\/categories?post=90791"},{"taxonomy":"post_tag","embeddable":true,"href":"https:\/\/eldiariodesanpedro.com.ar\/sitio\/wp-json\/wp\/v2\/tags?post=90791"}],"curies":[{"name":"wp","href":"https:\/\/api.w.org\/{rel}","templated":true}]}}