{"id":90788,"date":"2021-04-13T09:27:43","date_gmt":"2021-04-13T12:27:43","guid":{"rendered":"https:\/\/eldiariodesanpedro.com.ar\/sitio\/?p=90788"},"modified":"2021-04-13T09:27:48","modified_gmt":"2021-04-13T12:27:48","slug":"anticipan-subas-en-las-tarifas-de-gas-de-entre-4-y-6-para-mayo","status":"publish","type":"post","link":"https:\/\/eldiariodesanpedro.com.ar\/sitio\/anticipan-subas-en-las-tarifas-de-gas-de-entre-4-y-6-para-mayo\/","title":{"rendered":"Anticipan subas en las tarifas de gas de entre 4 y 6% para mayo"},"content":{"rendered":"<!-- VideographyWP Plugin Message: Automatic video embedding prevented by plugin options. -->\n\n<p>El interventor de Energas, Federico Bernal, anticip\u00f3 este lunes que las tarifas de gas podr\u00edan aumentar entre 4 y 6% en mayo, aunque resta que la suba la defina la secretar\u00eda de Energ\u00eda.<\/p>\n\n\n\n<p>\u201cEn la factura, uno paga lo que est\u00e1 pagando; el precio del gas est\u00e1 pagando lo que se llama la tarifa de transporte, el componente que va a parar al transportista y la de distribuci\u00f3n que va a la distribuidora\u201d, explic\u00f3 Bernal en di\u00e1logo con Radio 10.<\/p>\n\n\n\n<p>El interventor explic\u00f3 que \u201cbajo la competencia de Enargas est\u00e1 la regulaci\u00f3n del servicio p\u00fablico de transporte y distribuci\u00f3n\u201d, por lo que defini\u00f3 los componentes de transporte y distribuci\u00f3n, y anticip\u00f3: \u201cEl aumento de transporte y distribuci\u00f3n, dos de los tres componentes, rondar\u00e1 el 6% para usuarios residenciales y menos de 4% para las Pymes\u201d.<\/p>\n\n\n\n<p>\u201cEse es el aumento correspondiente a las tarifas. Luego estar\u00e1 el aumento, si habr\u00e1 aumento o no, pero eso lo tiene que definir la secretar\u00eda de Energ\u00eda que a\u00fan no defini\u00f3\u201d, concluy\u00f3 Bernal.<\/p>\n","protected":false},"excerpt":{"rendered":"<p>El interventor de Energas, Federico Bernal, anticip\u00f3 este lunes que las tarifas de gas podr\u00edan aumentar entre 4 y 6% en mayo, aunque resta que la suba la defina la secretar\u00eda de Energ\u00eda. \u201cEn la factura, uno paga lo que est\u00e1 pagando; el precio del gas est\u00e1 pagando lo que se llama la tarifa de [&hellip;]<\/p>\n","protected":false},"author":4,"featured_media":90789,"comment_status":"open","ping_status":"closed","sticky":false,"template":"","format":"standard","meta":{"om_disable_all_campaigns":false,"_jetpack_memberships_contains_paid_content":false,"footnotes":""},"categories":[621],"tags":[],"class_list":["post-90788","post","type-post","status-publish","format-standard","has-post-thumbnail","hentry","category-regionales"],"aioseo_notices":[],"gutentor_comment":0,"jetpack_featured_media_url":"https:\/\/eldiariodesanpedro.com.ar\/sitio\/wp-content\/uploads\/2021\/04\/0028938864_658x400.jpg","jetpack_shortlink":"https:\/\/wp.me\/p6RhLt-nCk","jetpack_sharing_enabled":true,"_links":{"self":[{"href":"https:\/\/eldiariodesanpedro.com.ar\/sitio\/wp-json\/wp\/v2\/posts\/90788","targetHints":{"allow":["GET"]}}],"collection":[{"href":"https:\/\/eldiariodesanpedro.com.ar\/sitio\/wp-json\/wp\/v2\/posts"}],"about":[{"href":"https:\/\/eldiariodesanpedro.com.ar\/sitio\/wp-json\/wp\/v2\/types\/post"}],"author":[{"embeddable":true,"href":"https:\/\/eldiariodesanpedro.com.ar\/sitio\/wp-json\/wp\/v2\/users\/4"}],"replies":[{"embeddable":true,"href":"https:\/\/eldiariodesanpedro.com.ar\/sitio\/wp-json\/wp\/v2\/comments?post=90788"}],"version-history":[{"count":1,"href":"https:\/\/eldiariodesanpedro.com.ar\/sitio\/wp-json\/wp\/v2\/posts\/90788\/revisions"}],"predecessor-version":[{"id":90790,"href":"https:\/\/eldiariodesanpedro.com.ar\/sitio\/wp-json\/wp\/v2\/posts\/90788\/revisions\/90790"}],"wp:featuredmedia":[{"embeddable":true,"href":"https:\/\/eldiariodesanpedro.com.ar\/sitio\/wp-json\/wp\/v2\/media\/90789"}],"wp:attachment":[{"href":"https:\/\/eldiariodesanpedro.com.ar\/sitio\/wp-json\/wp\/v2\/media?parent=90788"}],"wp:term":[{"taxonomy":"category","embeddable":true,"href":"https:\/\/eldiariodesanpedro.com.ar\/sitio\/wp-json\/wp\/v2\/categories?post=90788"},{"taxonomy":"post_tag","embeddable":true,"href":"https:\/\/eldiariodesanpedro.com.ar\/sitio\/wp-json\/wp\/v2\/tags?post=90788"}],"curies":[{"name":"wp","href":"https:\/\/api.w.org\/{rel}","templated":true}]}}