{"id":90783,"date":"2021-04-12T20:09:57","date_gmt":"2021-04-12T23:09:57","guid":{"rendered":"https:\/\/eldiariodesanpedro.com.ar\/sitio\/?p=90783"},"modified":"2021-04-12T20:10:04","modified_gmt":"2021-04-12T23:10:04","slug":"ascendieron-a-la-oficial-maria-soledad-fusi-a-segunda-jefa-de-dependencia","status":"publish","type":"post","link":"https:\/\/eldiariodesanpedro.com.ar\/sitio\/ascendieron-a-la-oficial-maria-soledad-fusi-a-segunda-jefa-de-dependencia\/","title":{"rendered":"Ascendieron a la oficial Maria Soledad Fusi a segunda Jefa de dependencia"},"content":{"rendered":"<!-- VideographyWP Plugin Message: Automatic video embedding prevented by plugin options. -->\n\n<p>El Ministerio de seguridad de la Provincia de Buenos Aires, a trav\u00e9s de la Superintendencia de polic\u00eda de San Nicol\u00e1s, a solicitud del titular de la Estaci\u00f3n de Polic\u00eda Comunal San Pedro, Comisario Andr\u00e9s Ariel Galiano , design\u00f3 hace instantes a trav\u00e9s de un comunicado al oficial principal <strong>Maria Soledad Fusi<\/strong>, c\u00f3mo Segunda Jefa de dependencia. <\/p>\n\n\n\n<p>Una oficial que inicio sus pasos en la dependencia hace 16 a\u00f1os, pasando por las distintas funciones, y cumpliendo satisfactoriamente con las mismas contando adem\u00e1s con perfeccionamiento en diferentes \u00e1reas como violencia familiar y de Genero. Conocimiento del personal y la sociedad en general.<\/p>\n\n\n\n<p>Efectivo que acompa\u00f1o al Comisario Galeano formando parte de la conducci\u00f3n desde comienzo de su gesti\u00f3n.<\/p>\n\n\n\n<p>Respetada por el personal y dem\u00e1s autoridades, a d\u00edas de reconocida en varias oportunidades por su destacada labor en la dependencia policial demostrando a diario su profesionalismo vocaci\u00f3n de servicio y sentido de pertenencia con la instituci\u00f3n policial, cont\u00f3 adem\u00e1s con el aval de la Jefatura Comunal y del intendente municipal.<\/p>\n","protected":false},"excerpt":{"rendered":"<p>El Ministerio de seguridad de la Provincia de Buenos Aires, a trav\u00e9s de la Superintendencia de polic\u00eda de San Nicol\u00e1s, a solicitud del titular de la Estaci\u00f3n de Polic\u00eda Comunal San Pedro, Comisario Andr\u00e9s Ariel Galiano , design\u00f3 hace instantes a trav\u00e9s de un comunicado al oficial principal Maria Soledad Fusi, c\u00f3mo Segunda Jefa de [&hellip;]<\/p>\n","protected":false},"author":4,"featured_media":90784,"comment_status":"open","ping_status":"closed","sticky":false,"template":"","format":"standard","meta":{"om_disable_all_campaigns":false,"_jetpack_memberships_contains_paid_content":false,"footnotes":""},"categories":[50,101,2],"tags":[],"class_list":["post-90783","post","type-post","status-publish","format-standard","has-post-thumbnail","hentry","category-destacadas","category-interes-general-locales","category-locales"],"aioseo_notices":[],"gutentor_comment":0,"jetpack_featured_media_url":"https:\/\/eldiariodesanpedro.com.ar\/sitio\/wp-content\/uploads\/2021\/04\/WhatsApp-Image-2021-04-12-at-19.38.18.jpeg","jetpack_shortlink":"https:\/\/wp.me\/p6RhLt-nCf","jetpack_sharing_enabled":true,"_links":{"self":[{"href":"https:\/\/eldiariodesanpedro.com.ar\/sitio\/wp-json\/wp\/v2\/posts\/90783","targetHints":{"allow":["GET"]}}],"collection":[{"href":"https:\/\/eldiariodesanpedro.com.ar\/sitio\/wp-json\/wp\/v2\/posts"}],"about":[{"href":"https:\/\/eldiariodesanpedro.com.ar\/sitio\/wp-json\/wp\/v2\/types\/post"}],"author":[{"embeddable":true,"href":"https:\/\/eldiariodesanpedro.com.ar\/sitio\/wp-json\/wp\/v2\/users\/4"}],"replies":[{"embeddable":true,"href":"https:\/\/eldiariodesanpedro.com.ar\/sitio\/wp-json\/wp\/v2\/comments?post=90783"}],"version-history":[{"count":1,"href":"https:\/\/eldiariodesanpedro.com.ar\/sitio\/wp-json\/wp\/v2\/posts\/90783\/revisions"}],"predecessor-version":[{"id":90785,"href":"https:\/\/eldiariodesanpedro.com.ar\/sitio\/wp-json\/wp\/v2\/posts\/90783\/revisions\/90785"}],"wp:featuredmedia":[{"embeddable":true,"href":"https:\/\/eldiariodesanpedro.com.ar\/sitio\/wp-json\/wp\/v2\/media\/90784"}],"wp:attachment":[{"href":"https:\/\/eldiariodesanpedro.com.ar\/sitio\/wp-json\/wp\/v2\/media?parent=90783"}],"wp:term":[{"taxonomy":"category","embeddable":true,"href":"https:\/\/eldiariodesanpedro.com.ar\/sitio\/wp-json\/wp\/v2\/categories?post=90783"},{"taxonomy":"post_tag","embeddable":true,"href":"https:\/\/eldiariodesanpedro.com.ar\/sitio\/wp-json\/wp\/v2\/tags?post=90783"}],"curies":[{"name":"wp","href":"https:\/\/api.w.org\/{rel}","templated":true}]}}