{"id":90778,"date":"2021-04-12T19:50:00","date_gmt":"2021-04-12T22:50:00","guid":{"rendered":"https:\/\/eldiariodesanpedro.com.ar\/sitio\/?p=90778"},"modified":"2021-04-12T19:50:05","modified_gmt":"2021-04-12T22:50:05","slug":"en-que-distritos-bonaerenses-ya-circulan-las-nuevas-y-peligrosas-cepas-de-covid-19","status":"publish","type":"post","link":"https:\/\/eldiariodesanpedro.com.ar\/sitio\/en-que-distritos-bonaerenses-ya-circulan-las-nuevas-y-peligrosas-cepas-de-covid-19\/","title":{"rendered":"\u00bfEn qu\u00e9 distritos bonaerenses ya circulan las nuevas y peligrosas cepas de Covid-19?"},"content":{"rendered":"<!-- VideographyWP Plugin Message: Automatic video embedding prevented by plugin options. -->\n\n<p>Las distintas variantes del Sars \u2013 Cov \u2013 2 contin\u00faan expandi\u00e9ndose en la provincia de Buenos Aires, y ahora se confirm\u00f3 que las cepas de Manaos, California y Gran Breta\u00f1a ya circulan en al menos 17 municipios del territorio.<\/p>\n\n\n\n<p>Reportes elaborados por el Proyecto\u00a0Argentino Interinstitucional de Gen\u00f3mica del coronavirus, conocido como Proyecto PAIS, y que seg\u00fan public\u00f3 el diario La Naci\u00f3n est\u00e1n en poder del ministerio de Salud bonaerense, ya son 17\u00a0los distritos que registran la circulaci\u00f3n de algunas de estas cepas, la de R\u00edo de Janeiro y la de California.<\/p>\n\n\n\n<p>A La Plata, Olavarr\u00eda,&nbsp;Bol\u00edvar&nbsp;y&nbsp;La Matanza, donde se detectaron casos de ambas cepas, de acuerdo a este rastreo que realiza Proyecto PAIS ahora se sumaron Merlo, Ituzaing\u00f3, Hurlingham, Las Heras, Lobos, Mercedes, Berazategui, Lomas de Zamora, Almirante Brown, Lan\u00fas, Quilmes, Malvinas Argentinas y Moreno.<\/p>\n\n\n\n<p>Seg\u00fan este muestreo, la presencia de&nbsp;la mutaci\u00f3n brit\u00e1nica fue confirmada en Merlo, Ituzaing\u00f3, Hurlingham, Mercedes, Las Heras, Lobos, en Berazategui, Lan\u00fas, Lomas de Zamora, Lomas de Zamora y Almirante Brown circulan las cepas de R\u00edo de Janeiro y California.<\/p>\n\n\n\n<p>En Malvinas Argentinas se detect\u00f3 la variante R\u00edo de Janeiro, mientras que en Quilmes y Moreno se observ\u00f3 la de California. En todos los casos se trata de muestras tomadas en el mes de marzo.<\/p>\n\n\n\n<p>La variante denominada B 1.1.7, originada en el Reino Unido, tendr\u00eda un mayor poder de contagio, entre el 30 y el 70 por ciento, y una mayor mortalidad, entre 30 y 100, seg\u00fan distintos estudios cient\u00edficos.<\/p>\n\n\n\n<p>Por su parte, la variante de\u00a0Manaos, tambi\u00e9n llamada \u201cBrasil P.1\u201d, es entre 1,4 y 2,2 veces m\u00e1s transmisible por su alta carga viral. Las universidades de San Pablo y de Oxford revelaron el \u201cpoder duplicado de contagio\u201d de esta variante, es decir su capacidad de reinfectar a quienes ya sufrieron la covid-19. <\/p>\n\n\n\n<p>Fuente: (DIB) FD<\/p>\n","protected":false},"excerpt":{"rendered":"<p>Las distintas variantes del Sars \u2013 Cov \u2013 2 contin\u00faan expandi\u00e9ndose en la provincia de Buenos Aires, y ahora se confirm\u00f3 que las cepas de Manaos, California y Gran Breta\u00f1a ya circulan en al menos 17 municipios del territorio. Reportes elaborados por el Proyecto\u00a0Argentino Interinstitucional de Gen\u00f3mica del coronavirus, conocido como Proyecto PAIS, y que [&hellip;]<\/p>\n","protected":false},"author":4,"featured_media":90779,"comment_status":"open","ping_status":"closed","sticky":false,"template":"","format":"standard","meta":{"om_disable_all_campaigns":false,"_jetpack_memberships_contains_paid_content":false,"footnotes":""},"categories":[621],"tags":[],"class_list":["post-90778","post","type-post","status-publish","format-standard","has-post-thumbnail","hentry","category-regionales"],"aioseo_notices":[],"gutentor_comment":0,"jetpack_featured_media_url":"https:\/\/eldiariodesanpedro.com.ar\/sitio\/wp-content\/uploads\/2021\/04\/Plasma-covid-696x464-1.jpg","jetpack_shortlink":"https:\/\/wp.me\/p6RhLt-nCa","jetpack_sharing_enabled":true,"_links":{"self":[{"href":"https:\/\/eldiariodesanpedro.com.ar\/sitio\/wp-json\/wp\/v2\/posts\/90778","targetHints":{"allow":["GET"]}}],"collection":[{"href":"https:\/\/eldiariodesanpedro.com.ar\/sitio\/wp-json\/wp\/v2\/posts"}],"about":[{"href":"https:\/\/eldiariodesanpedro.com.ar\/sitio\/wp-json\/wp\/v2\/types\/post"}],"author":[{"embeddable":true,"href":"https:\/\/eldiariodesanpedro.com.ar\/sitio\/wp-json\/wp\/v2\/users\/4"}],"replies":[{"embeddable":true,"href":"https:\/\/eldiariodesanpedro.com.ar\/sitio\/wp-json\/wp\/v2\/comments?post=90778"}],"version-history":[{"count":1,"href":"https:\/\/eldiariodesanpedro.com.ar\/sitio\/wp-json\/wp\/v2\/posts\/90778\/revisions"}],"predecessor-version":[{"id":90780,"href":"https:\/\/eldiariodesanpedro.com.ar\/sitio\/wp-json\/wp\/v2\/posts\/90778\/revisions\/90780"}],"wp:featuredmedia":[{"embeddable":true,"href":"https:\/\/eldiariodesanpedro.com.ar\/sitio\/wp-json\/wp\/v2\/media\/90779"}],"wp:attachment":[{"href":"https:\/\/eldiariodesanpedro.com.ar\/sitio\/wp-json\/wp\/v2\/media?parent=90778"}],"wp:term":[{"taxonomy":"category","embeddable":true,"href":"https:\/\/eldiariodesanpedro.com.ar\/sitio\/wp-json\/wp\/v2\/categories?post=90778"},{"taxonomy":"post_tag","embeddable":true,"href":"https:\/\/eldiariodesanpedro.com.ar\/sitio\/wp-json\/wp\/v2\/tags?post=90778"}],"curies":[{"name":"wp","href":"https:\/\/api.w.org\/{rel}","templated":true}]}}