{"id":90775,"date":"2021-04-12T19:46:33","date_gmt":"2021-04-12T22:46:33","guid":{"rendered":"https:\/\/eldiariodesanpedro.com.ar\/sitio\/?p=90775"},"modified":"2021-04-12T19:46:34","modified_gmt":"2021-04-12T22:46:34","slug":"campana-se-incendiaba-su-casa-pero-rechazo-el-ingreso-de-los-bomberos","status":"publish","type":"post","link":"https:\/\/eldiariodesanpedro.com.ar\/sitio\/campana-se-incendiaba-su-casa-pero-rechazo-el-ingreso-de-los-bomberos\/","title":{"rendered":"CAMPANA | Se incendiaba su casa, pero rechaz\u00f3 el ingreso de los Bomberos"},"content":{"rendered":"<!-- VideographyWP Plugin Message: Automatic video embedding prevented by plugin options. -->\n\n<p>El hecho se produjo este fin de semana, en una vivienda de Liniers al 200. Al parecer, un sujeto habr\u00eda incendiado un colch\u00f3n y amenaz\u00f3 a los servidores p\u00fablicos que intentaban auxiliarlo.<\/p>\n\n\n\n<p>Un principio de incendio pudo ser contenido por personal de Bomberos Voluntarios, pese al rechazo de quien habita el lugar.<\/p>\n\n\n\n<p>El hecho se produjo en Liniers al 200, durante el fin de semana, donde al parecer un sujeto (se\u00f1alado por vecinos como piroman\u00edaco) habr\u00eda incendiado un colch\u00f3n en el interior de su domicilio, y amenaz\u00f3 con hacer lo propio con una garrafa.<\/p>\n\n\n\n<p>Al llegar la fuerza voluntaria, el sujeto amenaz\u00f3 con atacarlos con un arma blanca. Finalmente, se encerr\u00f3 en una habitaci\u00f3n y mientras personal del Same lo asist\u00eda, comenz\u00f3 a controlarse el siniestro.<\/p>\n\n\n\n<p>Seg\u00fan vecinos, el joven de unos 30 a\u00f1os tendr\u00eda problemas de salud mental. Tres m\u00f3viles policiales actuaron en el lugar.<\/p>\n\n\n\n<p>Fuente: <a href=\"https:\/\/www.campananoticias.com\/noticia\/66887\/se-incendiaba-su-casa-pero-rechaz-el-ingreso-de-los-bomberos-\">Campana Noticias<\/a><\/p>\n","protected":false},"excerpt":{"rendered":"<p>El hecho se produjo este fin de semana, en una vivienda de Liniers al 200. Al parecer, un sujeto habr\u00eda incendiado un colch\u00f3n y amenaz\u00f3 a los servidores p\u00fablicos que intentaban auxiliarlo. Un principio de incendio pudo ser contenido por personal de Bomberos Voluntarios, pese al rechazo de quien habita el lugar. El hecho se [&hellip;]<\/p>\n","protected":false},"author":4,"featured_media":90776,"comment_status":"open","ping_status":"closed","sticky":false,"template":"","format":"standard","meta":{"om_disable_all_campaigns":false,"_jetpack_memberships_contains_paid_content":false,"footnotes":""},"categories":[621],"tags":[],"class_list":["post-90775","post","type-post","status-publish","format-standard","has-post-thumbnail","hentry","category-regionales"],"aioseo_notices":[],"gutentor_comment":0,"jetpack_featured_media_url":"https:\/\/eldiariodesanpedro.com.ar\/sitio\/wp-content\/uploads\/2021\/04\/20210412024516.jpeg","jetpack_shortlink":"https:\/\/wp.me\/p6RhLt-nC7","jetpack_sharing_enabled":true,"_links":{"self":[{"href":"https:\/\/eldiariodesanpedro.com.ar\/sitio\/wp-json\/wp\/v2\/posts\/90775","targetHints":{"allow":["GET"]}}],"collection":[{"href":"https:\/\/eldiariodesanpedro.com.ar\/sitio\/wp-json\/wp\/v2\/posts"}],"about":[{"href":"https:\/\/eldiariodesanpedro.com.ar\/sitio\/wp-json\/wp\/v2\/types\/post"}],"author":[{"embeddable":true,"href":"https:\/\/eldiariodesanpedro.com.ar\/sitio\/wp-json\/wp\/v2\/users\/4"}],"replies":[{"embeddable":true,"href":"https:\/\/eldiariodesanpedro.com.ar\/sitio\/wp-json\/wp\/v2\/comments?post=90775"}],"version-history":[{"count":1,"href":"https:\/\/eldiariodesanpedro.com.ar\/sitio\/wp-json\/wp\/v2\/posts\/90775\/revisions"}],"predecessor-version":[{"id":90777,"href":"https:\/\/eldiariodesanpedro.com.ar\/sitio\/wp-json\/wp\/v2\/posts\/90775\/revisions\/90777"}],"wp:featuredmedia":[{"embeddable":true,"href":"https:\/\/eldiariodesanpedro.com.ar\/sitio\/wp-json\/wp\/v2\/media\/90776"}],"wp:attachment":[{"href":"https:\/\/eldiariodesanpedro.com.ar\/sitio\/wp-json\/wp\/v2\/media?parent=90775"}],"wp:term":[{"taxonomy":"category","embeddable":true,"href":"https:\/\/eldiariodesanpedro.com.ar\/sitio\/wp-json\/wp\/v2\/categories?post=90775"},{"taxonomy":"post_tag","embeddable":true,"href":"https:\/\/eldiariodesanpedro.com.ar\/sitio\/wp-json\/wp\/v2\/tags?post=90775"}],"curies":[{"name":"wp","href":"https:\/\/api.w.org\/{rel}","templated":true}]}}