{"id":90769,"date":"2021-04-12T19:27:11","date_gmt":"2021-04-12T22:27:11","guid":{"rendered":"https:\/\/eldiariodesanpedro.com.ar\/sitio\/?p=90769"},"modified":"2021-04-12T19:27:15","modified_gmt":"2021-04-12T22:27:15","slug":"baradero-manejaban-alcoholizados-chocaron-un-auto-y-quisieron-pegarle-a-un-policia","status":"publish","type":"post","link":"https:\/\/eldiariodesanpedro.com.ar\/sitio\/baradero-manejaban-alcoholizados-chocaron-un-auto-y-quisieron-pegarle-a-un-policia\/","title":{"rendered":"BARADERO | Manejaban alcoholizados, chocaron un auto y quisieron pegarle a un polic\u00eda"},"content":{"rendered":"<!-- VideographyWP Plugin Message: Automatic video embedding prevented by plugin options. -->\n\n<p>El personal policial, en calle San Mart\u00edn Nro. 400, procede a la aprehensi\u00f3n de dos masculinos mayores de edad quienes tras causar accidente de tr\u00e1nsito se tornan hostiles con la otra parte. <\/p>\n\n\n\n<p>Presente personal policial, intentan agredirlos mediante golpes de pu\u00f1o. Uniformados ilesos. Interv UFI NRO. 8<\/p>\n","protected":false},"excerpt":{"rendered":"<p>El personal policial, en calle San Mart\u00edn Nro. 400, procede a la aprehensi\u00f3n de dos masculinos mayores de edad quienes tras causar accidente de tr\u00e1nsito se tornan hostiles con la otra parte. Presente personal policial, intentan agredirlos mediante golpes de pu\u00f1o. Uniformados ilesos. Interv UFI NRO. 8<\/p>\n","protected":false},"author":4,"featured_media":90770,"comment_status":"open","ping_status":"closed","sticky":false,"template":"","format":"standard","meta":{"om_disable_all_campaigns":false,"_jetpack_memberships_contains_paid_content":false,"footnotes":""},"categories":[621],"tags":[],"class_list":["post-90769","post","type-post","status-publish","format-standard","has-post-thumbnail","hentry","category-regionales"],"aioseo_notices":[],"gutentor_comment":0,"jetpack_featured_media_url":"https:\/\/eldiariodesanpedro.com.ar\/sitio\/wp-content\/uploads\/2021\/04\/e7e06ed0-52bf-4f23-9fdf-cc985878e0cf.jpg","jetpack_shortlink":"https:\/\/wp.me\/p6RhLt-nC1","jetpack_sharing_enabled":true,"_links":{"self":[{"href":"https:\/\/eldiariodesanpedro.com.ar\/sitio\/wp-json\/wp\/v2\/posts\/90769","targetHints":{"allow":["GET"]}}],"collection":[{"href":"https:\/\/eldiariodesanpedro.com.ar\/sitio\/wp-json\/wp\/v2\/posts"}],"about":[{"href":"https:\/\/eldiariodesanpedro.com.ar\/sitio\/wp-json\/wp\/v2\/types\/post"}],"author":[{"embeddable":true,"href":"https:\/\/eldiariodesanpedro.com.ar\/sitio\/wp-json\/wp\/v2\/users\/4"}],"replies":[{"embeddable":true,"href":"https:\/\/eldiariodesanpedro.com.ar\/sitio\/wp-json\/wp\/v2\/comments?post=90769"}],"version-history":[{"count":1,"href":"https:\/\/eldiariodesanpedro.com.ar\/sitio\/wp-json\/wp\/v2\/posts\/90769\/revisions"}],"predecessor-version":[{"id":90771,"href":"https:\/\/eldiariodesanpedro.com.ar\/sitio\/wp-json\/wp\/v2\/posts\/90769\/revisions\/90771"}],"wp:featuredmedia":[{"embeddable":true,"href":"https:\/\/eldiariodesanpedro.com.ar\/sitio\/wp-json\/wp\/v2\/media\/90770"}],"wp:attachment":[{"href":"https:\/\/eldiariodesanpedro.com.ar\/sitio\/wp-json\/wp\/v2\/media?parent=90769"}],"wp:term":[{"taxonomy":"category","embeddable":true,"href":"https:\/\/eldiariodesanpedro.com.ar\/sitio\/wp-json\/wp\/v2\/categories?post=90769"},{"taxonomy":"post_tag","embeddable":true,"href":"https:\/\/eldiariodesanpedro.com.ar\/sitio\/wp-json\/wp\/v2\/tags?post=90769"}],"curies":[{"name":"wp","href":"https:\/\/api.w.org\/{rel}","templated":true}]}}