{"id":90766,"date":"2021-04-12T19:17:02","date_gmt":"2021-04-12T22:17:02","guid":{"rendered":"https:\/\/eldiariodesanpedro.com.ar\/sitio\/?p=90766"},"modified":"2021-04-12T19:17:06","modified_gmt":"2021-04-12T22:17:06","slug":"arrecifes-robaron-a-mano-armada-una-importante-suma-de-dinero-en-un-comercio","status":"publish","type":"post","link":"https:\/\/eldiariodesanpedro.com.ar\/sitio\/arrecifes-robaron-a-mano-armada-una-importante-suma-de-dinero-en-un-comercio\/","title":{"rendered":"ARRECIFES | Robaron a mano armada una importante suma de dinero en un comercio"},"content":{"rendered":"<!-- VideographyWP Plugin Message: Automatic video embedding prevented by plugin options. -->\n\n<p><em>La Secretar\u00eda de Seguridad municipal de Arrecifes inform\u00f3 que el hecho se produjo en la zona c\u00e9ntrica de la ciudad.<\/em><\/p>\n\n\n\n<p>Dos personas con capuchas y barbijos colocados, una de ellas portando un arma de fuego, irrumpieron en un kiosco ubicado en Av. Belgrano casi Santiago H. P\u00e9rez y, luego de reducir al \u00fanico empleado del lugar, se llevaron una importante suma de dinero.<\/p>\n\n\n\n<p>Se iniciaron actuaciones caratuladas \u201cRobo agravado\u201d, con la intervenci\u00f3n de la Ayudant\u00eda Fiscal local y la UFI N\u00b0 3 del Departamento Judicial de San Nicol\u00e1s.<\/p>\n\n\n\n<p>Fuente: <a href=\"https:\/\/arrecifesnoticias.com\/\">Arrecifes Noticias<\/a><\/p>\n","protected":false},"excerpt":{"rendered":"<p>La Secretar\u00eda de Seguridad municipal de Arrecifes inform\u00f3 que el hecho se produjo en la zona c\u00e9ntrica de la ciudad. Dos personas con capuchas y barbijos colocados, una de ellas portando un arma de fuego, irrumpieron en un kiosco ubicado en Av. Belgrano casi Santiago H. P\u00e9rez y, luego de reducir al \u00fanico empleado del [&hellip;]<\/p>\n","protected":false},"author":4,"featured_media":90767,"comment_status":"open","ping_status":"closed","sticky":false,"template":"","format":"standard","meta":{"om_disable_all_campaigns":false,"_jetpack_memberships_contains_paid_content":false,"footnotes":""},"categories":[621],"tags":[],"class_list":["post-90766","post","type-post","status-publish","format-standard","has-post-thumbnail","hentry","category-regionales"],"aioseo_notices":[],"gutentor_comment":0,"jetpack_featured_media_url":"https:\/\/eldiariodesanpedro.com.ar\/sitio\/wp-content\/uploads\/2021\/04\/Belgrano-y-Santiago-H-Perez-722x510-1.jpg","jetpack_shortlink":"https:\/\/wp.me\/p6RhLt-nBY","jetpack_sharing_enabled":true,"_links":{"self":[{"href":"https:\/\/eldiariodesanpedro.com.ar\/sitio\/wp-json\/wp\/v2\/posts\/90766","targetHints":{"allow":["GET"]}}],"collection":[{"href":"https:\/\/eldiariodesanpedro.com.ar\/sitio\/wp-json\/wp\/v2\/posts"}],"about":[{"href":"https:\/\/eldiariodesanpedro.com.ar\/sitio\/wp-json\/wp\/v2\/types\/post"}],"author":[{"embeddable":true,"href":"https:\/\/eldiariodesanpedro.com.ar\/sitio\/wp-json\/wp\/v2\/users\/4"}],"replies":[{"embeddable":true,"href":"https:\/\/eldiariodesanpedro.com.ar\/sitio\/wp-json\/wp\/v2\/comments?post=90766"}],"version-history":[{"count":1,"href":"https:\/\/eldiariodesanpedro.com.ar\/sitio\/wp-json\/wp\/v2\/posts\/90766\/revisions"}],"predecessor-version":[{"id":90768,"href":"https:\/\/eldiariodesanpedro.com.ar\/sitio\/wp-json\/wp\/v2\/posts\/90766\/revisions\/90768"}],"wp:featuredmedia":[{"embeddable":true,"href":"https:\/\/eldiariodesanpedro.com.ar\/sitio\/wp-json\/wp\/v2\/media\/90767"}],"wp:attachment":[{"href":"https:\/\/eldiariodesanpedro.com.ar\/sitio\/wp-json\/wp\/v2\/media?parent=90766"}],"wp:term":[{"taxonomy":"category","embeddable":true,"href":"https:\/\/eldiariodesanpedro.com.ar\/sitio\/wp-json\/wp\/v2\/categories?post=90766"},{"taxonomy":"post_tag","embeddable":true,"href":"https:\/\/eldiariodesanpedro.com.ar\/sitio\/wp-json\/wp\/v2\/tags?post=90766"}],"curies":[{"name":"wp","href":"https:\/\/api.w.org\/{rel}","templated":true}]}}