{"id":90763,"date":"2021-04-12T19:14:01","date_gmt":"2021-04-12T22:14:01","guid":{"rendered":"https:\/\/eldiariodesanpedro.com.ar\/sitio\/?p=90763"},"modified":"2021-04-12T19:57:41","modified_gmt":"2021-04-12T22:57:41","slug":"asociacion-de-amigos-del-centro-de-estudios-historicos-de-san-pedro","status":"publish","type":"post","link":"https:\/\/eldiariodesanpedro.com.ar\/sitio\/asociacion-de-amigos-del-centro-de-estudios-historicos-de-san-pedro\/","title":{"rendered":"Asociaci\u00f3n de Amigos del Centro de Estudios Hist\u00f3ricos de San Pedro"},"content":{"rendered":"<!-- VideographyWP Plugin Message: Automatic video embedding prevented by plugin options. -->\n\n<p><strong>Convocatoria Asamblea General Ordinaria<\/strong><\/p>\n\n\n\n<p>De acuerdo a lo dispuesto en los estatutos constitutivos, convocase a los Sres. Socios<br>de la ASOCIACI\u00d3N DE AMIGOS DEL CENTRO DE ESTUDIOS HIST\u00d3RICOS DE SAN<br>PEDRO Simple Asociaci\u00f3n a la celebraci\u00f3n de la ASAMBLEA GENERAL ORDINARIA<br>Ejercicio n\u00ba 1, la que tendr\u00e1 lugar el d\u00eda jueves 29 de abril de 2021 a las 18:00 h,<br>bajo la plataforma virtual ZOOM con ID 599 879 0611 y contrase\u00f1a SANPEDRO,<br>para tratar el siguiente:<\/p>\n\n\n\n<p><strong>ORDEN DEL D\u00cdA<br>1<\/strong>.- Designaci\u00f3n de dos socios para la firma del acta.<br><strong>2<\/strong>.- Exposici\u00f3n de motivos por celebraci\u00f3n de Asamblea General Ordinaria fuera de<br>t\u00e9rmino.<br><strong>3<\/strong>.- Lectura y consideraci\u00f3n de la Memoria de Actividades del Ejercicio n\u00b0 1,<br>comprendido entre el 1 de enero y el 31 de diciembre del a\u00f1o 2020.<br><strong>4<\/strong>.- Lectura y consideraci\u00f3n del Balance correspondiente al Ejercicio n\u00b0 1, comprendido<br>entre el 1 de enero y el 31 de diciembre del a\u00f1o 2020.<br><strong>5<\/strong>.- Elecci\u00f3n de los postulantes a cubrir los cargos vacantes; a saber: prosecretaria y 1\u00b0<br>vocal suplente por renuncia, y revisor de cuentas titular por fallecimiento. En todos los<br>casos por un mandato de tres (3) a\u00f1os.<br><strong>6<\/strong>.- Fijaci\u00f3n de la cuota social.<br><strong>7<\/strong>.- Planteo de acciones.<\/p>\n\n\n\n<p><strong>Nota<\/strong>: Art. 17. 5. En la primera convocatoria, a la hora fijada, la Asamblea se celebrar\u00e1 con la<br>presencia del cincuenta y un (51) por ciento de los socios con derecho a voto. Media hora despu\u00e9s si<br>no se hubiese conseguido ese n\u00famero, se declarar\u00e1 legalmente constituida cuando se encuentren<br>presentes asociados en igual o mayor cantidad a la suma de los miembros titulares y suplentes de la<br>Comisi\u00f3n Directiva y de la Comisi\u00f3n Revisora de Cuenta.<\/p>\n\n\n\n<p><strong>Silvia Cristina Rigo  &#8211; Secretaria<br>Juan Manuel Gomila &#8211; Presidente<\/strong><br><\/p>\n","protected":false},"excerpt":{"rendered":"<p>Convocatoria Asamblea General Ordinaria De acuerdo a lo dispuesto en los estatutos constitutivos, convocase a los Sres. Sociosde la ASOCIACI\u00d3N DE AMIGOS DEL CENTRO DE ESTUDIOS HIST\u00d3RICOS DE SANPEDRO Simple Asociaci\u00f3n a la celebraci\u00f3n de la ASAMBLEA GENERAL ORDINARIAEjercicio n\u00ba 1, la que tendr\u00e1 lugar el d\u00eda jueves 29 de abril de 2021 a las [&hellip;]<\/p>\n","protected":false},"author":4,"featured_media":90764,"comment_status":"open","ping_status":"closed","sticky":false,"template":"","format":"standard","meta":{"om_disable_all_campaigns":false,"_jetpack_memberships_contains_paid_content":false,"footnotes":""},"categories":[678,676],"tags":[],"class_list":["post-90763","post","type-post","status-publish","format-standard","has-post-thumbnail","hentry","category-convocatorias","category-edictos"],"aioseo_notices":[],"gutentor_comment":0,"jetpack_featured_media_url":"https:\/\/eldiariodesanpedro.com.ar\/sitio\/wp-content\/uploads\/2021\/04\/Convocatoria-asociaon-de-amigos-del-centro-historico.jpg","jetpack_shortlink":"https:\/\/wp.me\/p6RhLt-nBV","jetpack_sharing_enabled":true,"_links":{"self":[{"href":"https:\/\/eldiariodesanpedro.com.ar\/sitio\/wp-json\/wp\/v2\/posts\/90763","targetHints":{"allow":["GET"]}}],"collection":[{"href":"https:\/\/eldiariodesanpedro.com.ar\/sitio\/wp-json\/wp\/v2\/posts"}],"about":[{"href":"https:\/\/eldiariodesanpedro.com.ar\/sitio\/wp-json\/wp\/v2\/types\/post"}],"author":[{"embeddable":true,"href":"https:\/\/eldiariodesanpedro.com.ar\/sitio\/wp-json\/wp\/v2\/users\/4"}],"replies":[{"embeddable":true,"href":"https:\/\/eldiariodesanpedro.com.ar\/sitio\/wp-json\/wp\/v2\/comments?post=90763"}],"version-history":[{"count":2,"href":"https:\/\/eldiariodesanpedro.com.ar\/sitio\/wp-json\/wp\/v2\/posts\/90763\/revisions"}],"predecessor-version":[{"id":90782,"href":"https:\/\/eldiariodesanpedro.com.ar\/sitio\/wp-json\/wp\/v2\/posts\/90763\/revisions\/90782"}],"wp:featuredmedia":[{"embeddable":true,"href":"https:\/\/eldiariodesanpedro.com.ar\/sitio\/wp-json\/wp\/v2\/media\/90764"}],"wp:attachment":[{"href":"https:\/\/eldiariodesanpedro.com.ar\/sitio\/wp-json\/wp\/v2\/media?parent=90763"}],"wp:term":[{"taxonomy":"category","embeddable":true,"href":"https:\/\/eldiariodesanpedro.com.ar\/sitio\/wp-json\/wp\/v2\/categories?post=90763"},{"taxonomy":"post_tag","embeddable":true,"href":"https:\/\/eldiariodesanpedro.com.ar\/sitio\/wp-json\/wp\/v2\/tags?post=90763"}],"curies":[{"name":"wp","href":"https:\/\/api.w.org\/{rel}","templated":true}]}}