{"id":90760,"date":"2021-04-12T18:41:10","date_gmt":"2021-04-12T21:41:10","guid":{"rendered":"https:\/\/eldiariodesanpedro.com.ar\/sitio\/?p=90760"},"modified":"2021-04-12T18:41:14","modified_gmt":"2021-04-12T21:41:14","slug":"gollan-ya-no-estamos-teniendo-camas","status":"publish","type":"post","link":"https:\/\/eldiariodesanpedro.com.ar\/sitio\/gollan-ya-no-estamos-teniendo-camas\/","title":{"rendered":"Goll\u00e1n: \u201cya no estamos teniendo camas\u201d"},"content":{"rendered":"<!-- VideographyWP Plugin Message: Automatic video embedding prevented by plugin options. -->\n\n<p>El ministro de Salud de la Provincia, Daniel Goll\u00e1n, advirti\u00f3 que ayer ya hab\u00eda el mismo nivel de ocupaci\u00f3n de camas que el pico de contagios del a\u00f1o pasado. \u201cNo es que no vamos a tener camas, ya no estamos teniendo\u201d, alert\u00f3 hoy el ministro de Salud de la Provincia, Daniel Goll\u00e1n, e indic\u00f3 que ayer ya se hab\u00eda alcanzado el mismo nivel de ocupaci\u00f3n de camas registrado durante el pico de contagios por coronavirus del a\u00f1o pasado.<br>En di\u00e1logo radial con la periodista Nancy Pasos, Goll\u00e1n manifest\u00f3 que \u201cestamos m\u00e1s altos en el pico y m\u00e1s r\u00e1pido en el crecimiento y ya ayer ten\u00edamos el mismo nivel de ocupaci\u00f3n de camas del pico del a\u00f1o pasado\u201d.<br>Por ende, el ministro dijo que una gran parte de la poblaci\u00f3n cumple con las medidas de cuidado frente al coronavirus, \u201cpero uno espera un poco m\u00e1s de acatamiento, por conciencia no porque lo obliguen\u201d. Goll\u00e1n hac\u00eda referencia a un video publicado en sus redes en el que se ve\u00eda a mucha gente amontonada y algunas sin tapabocas en el shopping Unicenter. \u201cEl 30 por ciento de la gente, y a\u00fan de los ni\u00f1os que se enferman, quedan con secuelas. He visto deportistas que luego de 3 o 4 meses, no han podido volver a hacer deportes; cantantes que no han podido volver a cantar porque no tienen el aire necesario en sus pulmones\u201d, cont\u00f3 el ministro sobre los efectos del coronavirus, y expres\u00f3: \u201cuno ve tanta informaci\u00f3n, y a veces publicarla a uno le ponen el r\u00f3tulo de dr. p\u00e1nico, muerte; pero es terrible lo que se ve, lo que hace esta enfermedad en los tejidos\u201d. Adem\u00e1s, Goll\u00e1n hizo referencia a la eficacia de las vacunas chinas y aclar\u00f3 que en el pa\u00eds no se utiliza la vacuna de Sinovac, centro de cr\u00edticas en las \u00faltimas horas debido a los dichos de un funcionario chino respecto a las tasas de protecci\u00f3n de las mismas; sino que se utiliza la de Sinopharm, \u201cque protege mucho m\u00e1s\u201d.<br>Por otro lado, el ministro de Kicillof dijo que, a diferencia del 2020 hoy se cuenta con vacunas, por lo tanto, los mayores cuidados y las mayores restricciones se piden hasta tanto se logre vacunar a las personas que corren riesgo de morir por coronavirus: \u201cEstamos llegando a los 5 millones de vacunados en la poblaci\u00f3n de mayor riesgo, es decir, no es pedir indefinidamente porque no sabemos cu\u00e1ndo termina esto, sino restringir esperando hacer lo que hizo, por ejemplo, Inglaterra, que si bien hoy sigue teniendo casos no tiene muertos, eso es lo que queremos hacer\u201d. En ese sentido, se\u00f1al\u00f3 que se est\u00e1 vacunando con especial \u00e9nfasis a los mayores de 70 a\u00f1os, que registran el 82 por ciento de las muertes por coronavirus.<\/p>\n\n\n\n<p><strong>La saturaci\u00f3n del sistema sanitario provincial<\/strong><br>Durante este fin de semana, la cartera sanitaria bonaerense junto con prestadores del subsector p\u00fablico y privado de la salud difundi\u00f3 un comunicado conjunto en el que alertaron sobre el riesgo de colapso del sistema sanitario. All\u00ed expresaron que la ocupaci\u00f3n promedio de camas en el AMBA es del 69,2 por ciento, cuando hace dos semanas era del 56,5 por ciento. Y aclararon que estas cifras promedio significan que \u201cmuchos centros de salud est\u00e9n por arriba del 90 por ciento de ocupaci\u00f3n\u201d. A esta advertencia se sum\u00f3 hoy la Red Argentina de Investigadores e Investigadoras en Salud a trav\u00e9s de un comunicado p\u00fablico titulado \u201cEl sistema de Salud est\u00e1 en alerta\u201d y en el que afirman que \u201cla saturaci\u00f3n es ahora\u201d. Desde ese colectivo enfatizaron que \u201cen nuestro pa\u00eds pudimos contener la primera ola de la pandemia sin que el sistema sanitario colapse. Esto se debi\u00f3 en gran medida a los esfuerzos y sacrificios que se hicieron en forma acelerada para acondicionar un sistema de salud que se encontraba devastado por a\u00f1os de desidia\u201d.<br>En relaci\u00f3n a las actuales cifras de ocupaci\u00f3n de camas tanto en el sector p\u00fablico como privado del AMBA advierten que \u201cun colapso sanitario s\u00f3lo aportar\u00eda mayor angustia, sufrimiento y dolor, con la inevitable p\u00e9rdida de vidas humanas y, a su vez, profundizar\u00eda la crisis econ\u00f3mica y social ya existente\u201d.<br>Al igual que el ministro Gollan se\u00f1alan que \u201ca diferencia de la primera ola, hoy tenemos un proceso de vacunaci\u00f3n masivo en marcha, organizado de manera estrat\u00e9gica, que nos permite poner plazos m\u00e1s alentadores. Hasta la fecha se han aplicado m\u00e1s de 5 millones de dosis de vacunas. En este sentido, un per\u00edodo de mayores restricciones y ralentizaci\u00f3n de los contagios nos har\u00eda poder completar la vacunaci\u00f3n de los grupos de riesgo y bajar dr\u00e1sticamente la letalidad ya que los fallecidos con diagn\u00f3stico de COVID-19 en nuestro pa\u00eds tienen un promedio de 74 a\u00f1os, siendo m\u00e1s de 84% mayores de 60 a\u00f1os de edad\u201d.<\/p>\n","protected":false},"excerpt":{"rendered":"<p>El ministro de Salud de la Provincia, Daniel Goll\u00e1n, advirti\u00f3 que ayer ya hab\u00eda el mismo nivel de ocupaci\u00f3n de camas que el pico de contagios del a\u00f1o pasado. \u201cNo es que no vamos a tener camas, ya no estamos teniendo\u201d, alert\u00f3 hoy el ministro de Salud de la Provincia, Daniel Goll\u00e1n, e indic\u00f3 que [&hellip;]<\/p>\n","protected":false},"author":4,"featured_media":90761,"comment_status":"open","ping_status":"closed","sticky":false,"template":"","format":"standard","meta":{"om_disable_all_campaigns":false,"_jetpack_memberships_contains_paid_content":false,"footnotes":""},"categories":[621],"tags":[],"class_list":["post-90760","post","type-post","status-publish","format-standard","has-post-thumbnail","hentry","category-regionales"],"aioseo_notices":[],"gutentor_comment":0,"jetpack_featured_media_url":"https:\/\/eldiariodesanpedro.com.ar\/sitio\/wp-content\/uploads\/2021\/04\/GOLLAN.jpg","jetpack_shortlink":"https:\/\/wp.me\/p6RhLt-nBS","jetpack_sharing_enabled":true,"_links":{"self":[{"href":"https:\/\/eldiariodesanpedro.com.ar\/sitio\/wp-json\/wp\/v2\/posts\/90760","targetHints":{"allow":["GET"]}}],"collection":[{"href":"https:\/\/eldiariodesanpedro.com.ar\/sitio\/wp-json\/wp\/v2\/posts"}],"about":[{"href":"https:\/\/eldiariodesanpedro.com.ar\/sitio\/wp-json\/wp\/v2\/types\/post"}],"author":[{"embeddable":true,"href":"https:\/\/eldiariodesanpedro.com.ar\/sitio\/wp-json\/wp\/v2\/users\/4"}],"replies":[{"embeddable":true,"href":"https:\/\/eldiariodesanpedro.com.ar\/sitio\/wp-json\/wp\/v2\/comments?post=90760"}],"version-history":[{"count":1,"href":"https:\/\/eldiariodesanpedro.com.ar\/sitio\/wp-json\/wp\/v2\/posts\/90760\/revisions"}],"predecessor-version":[{"id":90762,"href":"https:\/\/eldiariodesanpedro.com.ar\/sitio\/wp-json\/wp\/v2\/posts\/90760\/revisions\/90762"}],"wp:featuredmedia":[{"embeddable":true,"href":"https:\/\/eldiariodesanpedro.com.ar\/sitio\/wp-json\/wp\/v2\/media\/90761"}],"wp:attachment":[{"href":"https:\/\/eldiariodesanpedro.com.ar\/sitio\/wp-json\/wp\/v2\/media?parent=90760"}],"wp:term":[{"taxonomy":"category","embeddable":true,"href":"https:\/\/eldiariodesanpedro.com.ar\/sitio\/wp-json\/wp\/v2\/categories?post=90760"},{"taxonomy":"post_tag","embeddable":true,"href":"https:\/\/eldiariodesanpedro.com.ar\/sitio\/wp-json\/wp\/v2\/tags?post=90760"}],"curies":[{"name":"wp","href":"https:\/\/api.w.org\/{rel}","templated":true}]}}