{"id":90757,"date":"2021-04-12T18:33:25","date_gmt":"2021-04-12T21:33:25","guid":{"rendered":"https:\/\/eldiariodesanpedro.com.ar\/sitio\/?p=90757"},"modified":"2021-04-12T18:33:30","modified_gmt":"2021-04-12T21:33:30","slug":"se-vacunaron-hasta-el-momento-a-5388-personas-con-la-primera-dosis-y-1413-con-la-segunda","status":"publish","type":"post","link":"https:\/\/eldiariodesanpedro.com.ar\/sitio\/se-vacunaron-hasta-el-momento-a-5388-personas-con-la-primera-dosis-y-1413-con-la-segunda\/","title":{"rendered":"Se vacunaron hasta el momento a 5388 personas con la primera dosis y 1413 con la segunda"},"content":{"rendered":"<!-- VideographyWP Plugin Message: Automatic video embedding prevented by plugin options. -->\n\n<p>Este lunes la Secretaria de Salud informo la actualizaci\u00f3n de datos al 12 de abril sobre la cantidad de vacunados en nuestra ciudad.<\/p>\n\n\n\n<p>-1ra dosis: 5388<br>-2da dosis: 1413<\/p>\n\n\n\n<p>En la jornada de hoy llegaron 600 dosis de la primera vacuna de la Sputnik V con la que se vacunara a mayores de 60 a\u00f1os y aumentraran la cantidad de vacunados.<\/p>\n\n\n\n<p>Severio Guti\u00e9rrez del \u00e1rea de Bromatolog\u00eda informo que el m\u00ednimo que se debe vacunar son 12000 personas para estar tranquilos para las pr\u00f3xima temporada invernal.<\/p>\n\n\n\n<p>Fuente: Ministerio de Salud de la Provincia de Buenos Aires<\/p>\n\n\n\n<figure class=\"wp-block-image size-large\"><img decoding=\"async\" width=\"1024\" height=\"1024\" data-attachment-id=\"90758\" data-permalink=\"https:\/\/eldiariodesanpedro.com.ar\/sitio\/se-vacunaron-hasta-el-momento-a-5388-personas-con-la-primera-dosis-y-1413-con-la-segunda\/whatsapp-image-2021-04-12-at-14-37-00\/\" data-orig-file=\"https:\/\/eldiariodesanpedro.com.ar\/sitio\/wp-content\/uploads\/2021\/04\/WhatsApp-Image-2021-04-12-at-14.37.00.jpeg\" data-orig-size=\"1080,1080\" data-comments-opened=\"1\" data-image-meta=\"{&quot;aperture&quot;:&quot;0&quot;,&quot;credit&quot;:&quot;&quot;,&quot;camera&quot;:&quot;&quot;,&quot;caption&quot;:&quot;&quot;,&quot;created_timestamp&quot;:&quot;0&quot;,&quot;copyright&quot;:&quot;&quot;,&quot;focal_length&quot;:&quot;0&quot;,&quot;iso&quot;:&quot;0&quot;,&quot;shutter_speed&quot;:&quot;0&quot;,&quot;title&quot;:&quot;&quot;,&quot;orientation&quot;:&quot;0&quot;}\" data-image-title=\"WhatsApp-Image-2021-04-12-at-14.37.00\" data-image-description=\"\" data-image-caption=\"\" data-large-file=\"https:\/\/eldiariodesanpedro.com.ar\/sitio\/wp-content\/uploads\/2021\/04\/WhatsApp-Image-2021-04-12-at-14.37.00-1024x1024.jpeg\" data-src=\"https:\/\/eldiariodesanpedro.com.ar\/sitio\/wp-content\/uploads\/2021\/04\/WhatsApp-Image-2021-04-12-at-14.37.00-1024x1024.jpeg\" alt=\"\" class=\"wp-image-90758 lazyload\" data-srcset=\"https:\/\/eldiariodesanpedro.com.ar\/sitio\/wp-content\/uploads\/2021\/04\/WhatsApp-Image-2021-04-12-at-14.37.00-1024x1024.jpeg 1024w, https:\/\/eldiariodesanpedro.com.ar\/sitio\/wp-content\/uploads\/2021\/04\/WhatsApp-Image-2021-04-12-at-14.37.00-300x300.jpeg 300w, https:\/\/eldiariodesanpedro.com.ar\/sitio\/wp-content\/uploads\/2021\/04\/WhatsApp-Image-2021-04-12-at-14.37.00-150x150.jpeg 150w, https:\/\/eldiariodesanpedro.com.ar\/sitio\/wp-content\/uploads\/2021\/04\/WhatsApp-Image-2021-04-12-at-14.37.00-768x768.jpeg 768w, https:\/\/eldiariodesanpedro.com.ar\/sitio\/wp-content\/uploads\/2021\/04\/WhatsApp-Image-2021-04-12-at-14.37.00.jpeg 1080w\" data-sizes=\"(max-width: 1024px) 100vw, 1024px\" src=\"data:image\/svg+xml;base64,PHN2ZyB3aWR0aD0iMSIgaGVpZ2h0PSIxIiB4bWxucz0iaHR0cDovL3d3dy53My5vcmcvMjAwMC9zdmciPjwvc3ZnPg==\" style=\"--smush-placeholder-width: 1024px; --smush-placeholder-aspect-ratio: 1024\/1024;\" \/><\/figure>\n","protected":false},"excerpt":{"rendered":"<p>Este lunes la Secretaria de Salud informo la actualizaci\u00f3n de datos al 12 de abril sobre la cantidad de vacunados en nuestra ciudad. -1ra dosis: 5388-2da dosis: 1413 En la jornada de hoy llegaron 600 dosis de la primera vacuna de la Sputnik V con la que se vacunara a mayores de 60 a\u00f1os y [&hellip;]<\/p>\n","protected":false},"author":4,"featured_media":90688,"comment_status":"open","ping_status":"closed","sticky":false,"template":"","format":"standard","meta":{"om_disable_all_campaigns":false,"_jetpack_memberships_contains_paid_content":false,"footnotes":""},"categories":[2],"tags":[],"class_list":["post-90757","post","type-post","status-publish","format-standard","has-post-thumbnail","hentry","category-locales"],"aioseo_notices":[],"gutentor_comment":0,"jetpack_featured_media_url":"https:\/\/eldiariodesanpedro.com.ar\/sitio\/wp-content\/uploads\/2021\/04\/126747_3.jpg","jetpack_shortlink":"https:\/\/wp.me\/p6RhLt-nBP","jetpack_sharing_enabled":true,"_links":{"self":[{"href":"https:\/\/eldiariodesanpedro.com.ar\/sitio\/wp-json\/wp\/v2\/posts\/90757","targetHints":{"allow":["GET"]}}],"collection":[{"href":"https:\/\/eldiariodesanpedro.com.ar\/sitio\/wp-json\/wp\/v2\/posts"}],"about":[{"href":"https:\/\/eldiariodesanpedro.com.ar\/sitio\/wp-json\/wp\/v2\/types\/post"}],"author":[{"embeddable":true,"href":"https:\/\/eldiariodesanpedro.com.ar\/sitio\/wp-json\/wp\/v2\/users\/4"}],"replies":[{"embeddable":true,"href":"https:\/\/eldiariodesanpedro.com.ar\/sitio\/wp-json\/wp\/v2\/comments?post=90757"}],"version-history":[{"count":1,"href":"https:\/\/eldiariodesanpedro.com.ar\/sitio\/wp-json\/wp\/v2\/posts\/90757\/revisions"}],"predecessor-version":[{"id":90759,"href":"https:\/\/eldiariodesanpedro.com.ar\/sitio\/wp-json\/wp\/v2\/posts\/90757\/revisions\/90759"}],"wp:featuredmedia":[{"embeddable":true,"href":"https:\/\/eldiariodesanpedro.com.ar\/sitio\/wp-json\/wp\/v2\/media\/90688"}],"wp:attachment":[{"href":"https:\/\/eldiariodesanpedro.com.ar\/sitio\/wp-json\/wp\/v2\/media?parent=90757"}],"wp:term":[{"taxonomy":"category","embeddable":true,"href":"https:\/\/eldiariodesanpedro.com.ar\/sitio\/wp-json\/wp\/v2\/categories?post=90757"},{"taxonomy":"post_tag","embeddable":true,"href":"https:\/\/eldiariodesanpedro.com.ar\/sitio\/wp-json\/wp\/v2\/tags?post=90757"}],"curies":[{"name":"wp","href":"https:\/\/api.w.org\/{rel}","templated":true}]}}