{"id":90746,"date":"2021-04-12T12:33:16","date_gmt":"2021-04-12T15:33:16","guid":{"rendered":"https:\/\/eldiariodesanpedro.com.ar\/sitio\/?p=90746"},"modified":"2021-04-12T12:33:21","modified_gmt":"2021-04-12T15:33:21","slug":"presentacion-virtual-del-programa-escalar-emprendedores","status":"publish","type":"post","link":"https:\/\/eldiariodesanpedro.com.ar\/sitio\/presentacion-virtual-del-programa-escalar-emprendedores\/","title":{"rendered":"Presentaci\u00f3n virtual del Programa Escalar Emprendedores"},"content":{"rendered":"<!-- VideographyWP Plugin Message: Automatic video embedding prevented by plugin options. -->\n\n<p>La Secretar\u00eda de Desarrollo Econ\u00f3mico de la Municipalidad de San Pedro comparte la invitaci\u00f3n de la Subsecretaria de Industria, PyMEs y Cooperativas de la Provincia de Buenos Aires junto a la Secretar\u00eda de la Peque\u00f1a y Mediana Empresa y los Emprendedores del Ministerio de Desarrollo Productivo de la Naci\u00f3n para la Presentaci\u00f3n virtual del Programa Escalar Emprendedores el d\u00eda martes 13 de abril de 2021 a las 10 hs.<\/p>\n\n\n\n<p>Este programa estar\u00e1 destinado a todas aquellas personas que se encuentren en el comienzo de un proyecto, tengan un emprendimiento o sean nuevas PyMEs cuya fecha de inscripci\u00f3n ante la AFIP no exceda los 7 a\u00f1os al momento de presentar el proyecto. Les dar\u00eda la posibilidad de solicitar un pr\u00e9stamo de hasta $15.000.000 para desarrollar tecnolog\u00edas, mejorar la infraestructura y\/o perfeccionar los procesos de sus emprendimientos.<\/p>\n\n\n\n<p>Los interesados en participar deben escribir a <a href=\"mailto:contactotyp.produccionpba@gmail.com\">contactotyp.produccionpba@gmail.com<\/a> o consulta en la Secretar\u00eda para m\u00e1s informaci\u00f3n.<\/p>\n","protected":false},"excerpt":{"rendered":"<p>La Secretar\u00eda de Desarrollo Econ\u00f3mico de la Municipalidad de San Pedro comparte la invitaci\u00f3n de la Subsecretaria de Industria, PyMEs y Cooperativas de la Provincia de Buenos Aires junto a la Secretar\u00eda de la Peque\u00f1a y Mediana Empresa y los Emprendedores del Ministerio de Desarrollo Productivo de la Naci\u00f3n para la Presentaci\u00f3n virtual del Programa [&hellip;]<\/p>\n","protected":false},"author":4,"featured_media":90747,"comment_status":"open","ping_status":"closed","sticky":false,"template":"","format":"standard","meta":{"om_disable_all_campaigns":false,"_jetpack_memberships_contains_paid_content":false,"footnotes":""},"categories":[2],"tags":[],"class_list":["post-90746","post","type-post","status-publish","format-standard","has-post-thumbnail","hentry","category-locales"],"aioseo_notices":[],"gutentor_comment":0,"jetpack_featured_media_url":"https:\/\/eldiariodesanpedro.com.ar\/sitio\/wp-content\/uploads\/2021\/04\/WhatsApp-Image-2021-04-12-at-10.38.44.jpeg","jetpack_shortlink":"https:\/\/wp.me\/p6RhLt-nBE","jetpack_sharing_enabled":true,"_links":{"self":[{"href":"https:\/\/eldiariodesanpedro.com.ar\/sitio\/wp-json\/wp\/v2\/posts\/90746","targetHints":{"allow":["GET"]}}],"collection":[{"href":"https:\/\/eldiariodesanpedro.com.ar\/sitio\/wp-json\/wp\/v2\/posts"}],"about":[{"href":"https:\/\/eldiariodesanpedro.com.ar\/sitio\/wp-json\/wp\/v2\/types\/post"}],"author":[{"embeddable":true,"href":"https:\/\/eldiariodesanpedro.com.ar\/sitio\/wp-json\/wp\/v2\/users\/4"}],"replies":[{"embeddable":true,"href":"https:\/\/eldiariodesanpedro.com.ar\/sitio\/wp-json\/wp\/v2\/comments?post=90746"}],"version-history":[{"count":1,"href":"https:\/\/eldiariodesanpedro.com.ar\/sitio\/wp-json\/wp\/v2\/posts\/90746\/revisions"}],"predecessor-version":[{"id":90748,"href":"https:\/\/eldiariodesanpedro.com.ar\/sitio\/wp-json\/wp\/v2\/posts\/90746\/revisions\/90748"}],"wp:featuredmedia":[{"embeddable":true,"href":"https:\/\/eldiariodesanpedro.com.ar\/sitio\/wp-json\/wp\/v2\/media\/90747"}],"wp:attachment":[{"href":"https:\/\/eldiariodesanpedro.com.ar\/sitio\/wp-json\/wp\/v2\/media?parent=90746"}],"wp:term":[{"taxonomy":"category","embeddable":true,"href":"https:\/\/eldiariodesanpedro.com.ar\/sitio\/wp-json\/wp\/v2\/categories?post=90746"},{"taxonomy":"post_tag","embeddable":true,"href":"https:\/\/eldiariodesanpedro.com.ar\/sitio\/wp-json\/wp\/v2\/tags?post=90746"}],"curies":[{"name":"wp","href":"https:\/\/api.w.org\/{rel}","templated":true}]}}