{"id":90741,"date":"2021-04-12T11:15:01","date_gmt":"2021-04-12T14:15:01","guid":{"rendered":"https:\/\/eldiariodesanpedro.com.ar\/sitio\/?p=90741"},"modified":"2021-04-12T11:15:05","modified_gmt":"2021-04-12T14:15:05","slug":"robaron-en-un-vivienda-de-calle-mitre-y-se-llevaron-alrededor-de-un-millon-de-pesos","status":"publish","type":"post","link":"https:\/\/eldiariodesanpedro.com.ar\/sitio\/robaron-en-un-vivienda-de-calle-mitre-y-se-llevaron-alrededor-de-un-millon-de-pesos\/","title":{"rendered":"Robaron en un vivienda de calle Mitre y se llevaron alrededor de un mill\u00f3n de pesos"},"content":{"rendered":"<!-- VideographyWP Plugin Message: Automatic video embedding prevented by plugin options. -->\n\n<p>En la jornada de ayer domingo se realizo la denuncia por parte de una comerciante de nuestra ciudad, quien asegura que delincuentes ingresaron a su vivienda y se llevaron dinero en efectivo con un total de un mill\u00f3n de pesos.<\/p>\n\n\n\n<p>Seg\u00fan se pudo informar por parte de la polic\u00eda, este domingo en horas de la tarde delincuentes ignorados ingresaron a una vivienda ubicada en calle Mitre al 1300 cuando sus moradores no se encontraban y se llevaron dinero en efectivo con un valor de un mill\u00f3n de pesos que estas personas ten\u00edan guardado para la adquisici\u00f3n de un autom\u00f3vil.<\/p>\n\n\n\n<p>Seg\u00fan se pudo saber los delincuentes abr\u00edan ingresado directamente por la puerta principal y solo fueron por el dinero, los propietarios de la vivienda sospechan de una persona ya que fueron directamente por el dinero en efectivo.<\/p>\n\n\n\n<p>La polic\u00eda trabaja en la investigaci\u00f3n para dar con el paradero de el o los autores.<\/p>\n","protected":false},"excerpt":{"rendered":"<p>En la jornada de ayer domingo se realizo la denuncia por parte de una comerciante de nuestra ciudad, quien asegura que delincuentes ingresaron a su vivienda y se llevaron dinero en efectivo con un total de un mill\u00f3n de pesos. Seg\u00fan se pudo informar por parte de la polic\u00eda, este domingo en horas de la [&hellip;]<\/p>\n","protected":false},"author":4,"featured_media":78843,"comment_status":"open","ping_status":"closed","sticky":false,"template":"","format":"standard","meta":{"om_disable_all_campaigns":false,"_jetpack_memberships_contains_paid_content":false,"footnotes":""},"categories":[50,2,103],"tags":[],"class_list":["post-90741","post","type-post","status-publish","format-standard","has-post-thumbnail","hentry","category-destacadas","category-locales","category-policiales-locales"],"aioseo_notices":[],"gutentor_comment":0,"jetpack_featured_media_url":"https:\/\/eldiariodesanpedro.com.ar\/sitio\/wp-content\/uploads\/2020\/08\/0.jpg","jetpack_shortlink":"https:\/\/wp.me\/p6RhLt-nBz","jetpack_sharing_enabled":true,"_links":{"self":[{"href":"https:\/\/eldiariodesanpedro.com.ar\/sitio\/wp-json\/wp\/v2\/posts\/90741","targetHints":{"allow":["GET"]}}],"collection":[{"href":"https:\/\/eldiariodesanpedro.com.ar\/sitio\/wp-json\/wp\/v2\/posts"}],"about":[{"href":"https:\/\/eldiariodesanpedro.com.ar\/sitio\/wp-json\/wp\/v2\/types\/post"}],"author":[{"embeddable":true,"href":"https:\/\/eldiariodesanpedro.com.ar\/sitio\/wp-json\/wp\/v2\/users\/4"}],"replies":[{"embeddable":true,"href":"https:\/\/eldiariodesanpedro.com.ar\/sitio\/wp-json\/wp\/v2\/comments?post=90741"}],"version-history":[{"count":1,"href":"https:\/\/eldiariodesanpedro.com.ar\/sitio\/wp-json\/wp\/v2\/posts\/90741\/revisions"}],"predecessor-version":[{"id":90742,"href":"https:\/\/eldiariodesanpedro.com.ar\/sitio\/wp-json\/wp\/v2\/posts\/90741\/revisions\/90742"}],"wp:featuredmedia":[{"embeddable":true,"href":"https:\/\/eldiariodesanpedro.com.ar\/sitio\/wp-json\/wp\/v2\/media\/78843"}],"wp:attachment":[{"href":"https:\/\/eldiariodesanpedro.com.ar\/sitio\/wp-json\/wp\/v2\/media?parent=90741"}],"wp:term":[{"taxonomy":"category","embeddable":true,"href":"https:\/\/eldiariodesanpedro.com.ar\/sitio\/wp-json\/wp\/v2\/categories?post=90741"},{"taxonomy":"post_tag","embeddable":true,"href":"https:\/\/eldiariodesanpedro.com.ar\/sitio\/wp-json\/wp\/v2\/tags?post=90741"}],"curies":[{"name":"wp","href":"https:\/\/api.w.org\/{rel}","templated":true}]}}