{"id":90731,"date":"2021-04-12T10:36:37","date_gmt":"2021-04-12T13:36:37","guid":{"rendered":"https:\/\/eldiariodesanpedro.com.ar\/sitio\/?p=90731"},"modified":"2021-04-12T10:36:41","modified_gmt":"2021-04-12T13:36:41","slug":"roban-una-motocicleta-estacionada-en-la-via-publica-2","status":"publish","type":"post","link":"https:\/\/eldiariodesanpedro.com.ar\/sitio\/roban-una-motocicleta-estacionada-en-la-via-publica-2\/","title":{"rendered":"Roban una motocicleta estacionada en la v\u00eda p\u00fablica"},"content":{"rendered":"<!-- VideographyWP Plugin Message: Automatic video embedding prevented by plugin options. -->\n\n<p>Este domingo se recibi\u00f3 la denuncia por parte de una femenina de 30 a\u00f1os, que a las 19.30 hs deja su rodado estacionado en la v\u00eda p\u00fablica fuera de su vivienda ubicada en calle Las Provincias al 800, que pasados unos minutos egresa de finca constatando que autores ignorados habr\u00edan sustra\u00eddo rodado.<\/p>\n","protected":false},"excerpt":{"rendered":"<p>Este domingo se recibi\u00f3 la denuncia por parte de una femenina de 30 a\u00f1os, que a las 19.30 hs deja su rodado estacionado en la v\u00eda p\u00fablica fuera de su vivienda ubicada en calle Las Provincias al 800, que pasados unos minutos egresa de finca constatando que autores ignorados habr\u00edan sustra\u00eddo rodado.<\/p>\n","protected":false},"author":4,"featured_media":90679,"comment_status":"open","ping_status":"closed","sticky":false,"template":"","format":"standard","meta":{"om_disable_all_campaigns":false,"_jetpack_memberships_contains_paid_content":false,"footnotes":""},"categories":[2,103],"tags":[],"class_list":["post-90731","post","type-post","status-publish","format-standard","has-post-thumbnail","hentry","category-locales","category-policiales-locales"],"aioseo_notices":[],"gutentor_comment":0,"jetpack_featured_media_url":"https:\/\/eldiariodesanpedro.com.ar\/sitio\/wp-content\/uploads\/2021\/04\/patrullero-noche.jpg","jetpack_shortlink":"https:\/\/wp.me\/p6RhLt-nBp","jetpack_sharing_enabled":true,"_links":{"self":[{"href":"https:\/\/eldiariodesanpedro.com.ar\/sitio\/wp-json\/wp\/v2\/posts\/90731","targetHints":{"allow":["GET"]}}],"collection":[{"href":"https:\/\/eldiariodesanpedro.com.ar\/sitio\/wp-json\/wp\/v2\/posts"}],"about":[{"href":"https:\/\/eldiariodesanpedro.com.ar\/sitio\/wp-json\/wp\/v2\/types\/post"}],"author":[{"embeddable":true,"href":"https:\/\/eldiariodesanpedro.com.ar\/sitio\/wp-json\/wp\/v2\/users\/4"}],"replies":[{"embeddable":true,"href":"https:\/\/eldiariodesanpedro.com.ar\/sitio\/wp-json\/wp\/v2\/comments?post=90731"}],"version-history":[{"count":1,"href":"https:\/\/eldiariodesanpedro.com.ar\/sitio\/wp-json\/wp\/v2\/posts\/90731\/revisions"}],"predecessor-version":[{"id":90732,"href":"https:\/\/eldiariodesanpedro.com.ar\/sitio\/wp-json\/wp\/v2\/posts\/90731\/revisions\/90732"}],"wp:featuredmedia":[{"embeddable":true,"href":"https:\/\/eldiariodesanpedro.com.ar\/sitio\/wp-json\/wp\/v2\/media\/90679"}],"wp:attachment":[{"href":"https:\/\/eldiariodesanpedro.com.ar\/sitio\/wp-json\/wp\/v2\/media?parent=90731"}],"wp:term":[{"taxonomy":"category","embeddable":true,"href":"https:\/\/eldiariodesanpedro.com.ar\/sitio\/wp-json\/wp\/v2\/categories?post=90731"},{"taxonomy":"post_tag","embeddable":true,"href":"https:\/\/eldiariodesanpedro.com.ar\/sitio\/wp-json\/wp\/v2\/tags?post=90731"}],"curies":[{"name":"wp","href":"https:\/\/api.w.org\/{rel}","templated":true}]}}