{"id":90726,"date":"2021-04-12T10:08:31","date_gmt":"2021-04-12T13:08:31","guid":{"rendered":"https:\/\/eldiariodesanpedro.com.ar\/sitio\/?p=90726"},"modified":"2021-04-12T10:08:35","modified_gmt":"2021-04-12T13:08:35","slug":"suspension-de-clases-educacion-aclara-los-tantos-pero-los-reclamos-no-cesan","status":"publish","type":"post","link":"https:\/\/eldiariodesanpedro.com.ar\/sitio\/suspension-de-clases-educacion-aclara-los-tantos-pero-los-reclamos-no-cesan\/","title":{"rendered":"Suspensi\u00f3n de clases: Educaci\u00f3n aclara los tantos, pero los reclamos no cesan"},"content":{"rendered":"<!-- VideographyWP Plugin Message: Automatic video embedding prevented by plugin options. -->\n\n<p>La Direcci\u00f3n General de Cultura y Educaci\u00f3n bonaerense aclar\u00f3 los alcances del art\u00edculo 3 del Decreto N\u00b0 178\/2021 donde se faculta a la DGCyE a suspender las clases presenciales, as\u00ed como a reiniciarlas, en funci\u00f3n de la evaluaci\u00f3n del riesgo epidemiol\u00f3gico. A pesar de ello, los gremios insisten en poner un freno a la presencialidad.<\/p>\n\n\n\n<p>La Direcci\u00f3n General de Cultura y Educaci\u00f3n bonaerense aclar\u00f3 los alcances del art\u00edculo 3 del &nbsp;Decreto &nbsp;N\u00b0 178\/2021 donde se &nbsp;faculta a la DGCyE a suspender las clases presenciales, as\u00ed como a reiniciarlas, en funci\u00f3n de la evaluaci\u00f3n del riesgo epidemiol\u00f3gico. A pesar de ello, los gremios insisten en poner un freno a la presencialidad.<\/p>\n\n\n\n<p>Desde la cartera educativa se se\u00f1al\u00f3 que \u00abTal como lo expresa la normativa vigente,&nbsp;<br>la Provincia,&nbsp;est\u00e1 implementando pol\u00edticas sanitarias para priorizar el funcionamiento de los establecimientos educativos con la modalidad presencial, a partir de la permanente evaluaci\u00f3n del nivel de riesgo epidemiol\u00f3gico\u00bb.<\/p>\n\n\n\n<p>Asimismo se puntualiz\u00f3 que \u00abel trabajo coordinado con todos los representantes de la comunidad educativa permiti\u00f3 establecer un Plan Jurisdiccional para el regreso seguro a las clases presenciales, que permite minimizar los riesgos de transmisi\u00f3n del virus causante del COVID 19.\u00bb<\/p>\n\n\n\n<p>Tambi\u00e9n se exhort\u00f3 que \u00aben pos de seguir priorizando una presencialidad cuidada para estudiantes, docentes y el conjunto de la comunidad, llamamos a las y los bonaerenses a reforzar fuera del \u00e1mbito escolar el cumplimiento de las normas de cuidado y las restricciones vigentes\u00bb.<\/p>\n\n\n\n<p>\u00abSi la situaci\u00f3n epidemiol\u00f3gica demandara modificar alg\u00fan aspecto de las condiciones de presencialidad actuales ser\u00e1 comunicado en tiempo y forma y por las fuentes oficiales habituales\u00bb, se aclar\u00f3 desde Educaci\u00f3n.<\/p>\n\n\n\n<p>No obstante, en notas dirigidas a la titular de la cartera educativa, Agustina Vila y al ministro de Salud, Daniel Gollan, los gremios solicitaron \u201cuna reuni\u00f3n con car\u00e1cter de urgente\u201d.<\/p>\n\n\n\n<p>\u201cMotiva dicho pedido el aumento exponencial de casos de Covid 19 y la necesidad de analizar c\u00f3mo impacta en el \u00e1mbito escolar la circulaci\u00f3n de personas, el transporte p\u00fablico y las conductas sociales que no respetan los cuidados por fuera del \u00e1mbito escolar\u201d, consignaron.<\/p>\n\n\n\n<p>Adem\u00e1s precisaron que lo hacen \u201ccon el convencimiento que el aumento tan acelerado de los casos requiere medidas de car\u00e1cter restrictivo que impidan la propagaci\u00f3n de los contagios en las escuelas\u201d.<\/p>\n\n\n\n<p>Fuente: <a href=\"https:\/\/www.latecla.info\/120365-suspension-de-clases-educacion-aclara-los-tantos-pero-l\">La Tecla<\/a><\/p>\n","protected":false},"excerpt":{"rendered":"<p>La Direcci\u00f3n General de Cultura y Educaci\u00f3n bonaerense aclar\u00f3 los alcances del art\u00edculo 3 del Decreto N\u00b0 178\/2021 donde se faculta a la DGCyE a suspender las clases presenciales, as\u00ed como a reiniciarlas, en funci\u00f3n de la evaluaci\u00f3n del riesgo epidemiol\u00f3gico. A pesar de ello, los gremios insisten en poner un freno a la presencialidad. [&hellip;]<\/p>\n","protected":false},"author":4,"featured_media":90727,"comment_status":"open","ping_status":"closed","sticky":false,"template":"","format":"standard","meta":{"om_disable_all_campaigns":false,"_jetpack_memberships_contains_paid_content":false,"footnotes":""},"categories":[621],"tags":[],"class_list":["post-90726","post","type-post","status-publish","format-standard","has-post-thumbnail","hentry","category-regionales"],"aioseo_notices":[],"gutentor_comment":0,"jetpack_featured_media_url":"https:\/\/eldiariodesanpedro.com.ar\/sitio\/wp-content\/uploads\/2021\/04\/126789_3.jpg","jetpack_shortlink":"https:\/\/wp.me\/p6RhLt-nBk","jetpack_sharing_enabled":true,"_links":{"self":[{"href":"https:\/\/eldiariodesanpedro.com.ar\/sitio\/wp-json\/wp\/v2\/posts\/90726","targetHints":{"allow":["GET"]}}],"collection":[{"href":"https:\/\/eldiariodesanpedro.com.ar\/sitio\/wp-json\/wp\/v2\/posts"}],"about":[{"href":"https:\/\/eldiariodesanpedro.com.ar\/sitio\/wp-json\/wp\/v2\/types\/post"}],"author":[{"embeddable":true,"href":"https:\/\/eldiariodesanpedro.com.ar\/sitio\/wp-json\/wp\/v2\/users\/4"}],"replies":[{"embeddable":true,"href":"https:\/\/eldiariodesanpedro.com.ar\/sitio\/wp-json\/wp\/v2\/comments?post=90726"}],"version-history":[{"count":1,"href":"https:\/\/eldiariodesanpedro.com.ar\/sitio\/wp-json\/wp\/v2\/posts\/90726\/revisions"}],"predecessor-version":[{"id":90728,"href":"https:\/\/eldiariodesanpedro.com.ar\/sitio\/wp-json\/wp\/v2\/posts\/90726\/revisions\/90728"}],"wp:featuredmedia":[{"embeddable":true,"href":"https:\/\/eldiariodesanpedro.com.ar\/sitio\/wp-json\/wp\/v2\/media\/90727"}],"wp:attachment":[{"href":"https:\/\/eldiariodesanpedro.com.ar\/sitio\/wp-json\/wp\/v2\/media?parent=90726"}],"wp:term":[{"taxonomy":"category","embeddable":true,"href":"https:\/\/eldiariodesanpedro.com.ar\/sitio\/wp-json\/wp\/v2\/categories?post=90726"},{"taxonomy":"post_tag","embeddable":true,"href":"https:\/\/eldiariodesanpedro.com.ar\/sitio\/wp-json\/wp\/v2\/tags?post=90726"}],"curies":[{"name":"wp","href":"https:\/\/api.w.org\/{rel}","templated":true}]}}