{"id":90723,"date":"2021-04-12T10:00:23","date_gmt":"2021-04-12T13:00:23","guid":{"rendered":"https:\/\/eldiariodesanpedro.com.ar\/sitio\/?p=90723"},"modified":"2021-04-12T10:00:36","modified_gmt":"2021-04-12T13:00:36","slug":"coronavirus-la-suplica-de-la-provincia-a-la-poblacion","status":"publish","type":"post","link":"https:\/\/eldiariodesanpedro.com.ar\/sitio\/coronavirus-la-suplica-de-la-provincia-a-la-poblacion\/","title":{"rendered":"Coronavirus: la s\u00faplica de la Provincia a la poblaci\u00f3n"},"content":{"rendered":"<!-- VideographyWP Plugin Message: Automatic video embedding prevented by plugin options. -->\n\n<p>El Gobierno bonaerense envi\u00f3 un claro mensaje a la poblaci\u00f3n en el marco de la segunda ola de coronavirus.<\/p>\n\n\n\n<p>Mientras avanza la segunda ola de\u00a0<strong>coronavirus<\/strong>\u00a0en todo el pa\u00eds, el Gobierno de Axel Kicillof envi\u00f3 un mensaje a los bonaerenses para que cumplan con las medidas implementadas para mitigar los contagios. La s\u00faplica lleg\u00f3 luego del pedido conjunto que realizaron los hospitales de la provincia de Buenos Aires.<\/p>\n\n\n\n<p>Al respecto, el jefe de Gabinete bonaerense\u00a0<strong>Carlos Bianco<\/strong>\u00a0manifest\u00f3 que \u00abesta semana superamos los 10.000 casos en el promedio diario. Como dijo el Gobernador, m\u00e1s que una\u00a0<strong>segunda ola<\/strong>\u00a0es un tsunami de casos\u00bb.<\/p>\n\n\n\n<p>\u00abLes rogamos cumplir las normativas y protocolos al pie de la letra para evitar contagios y muertes, mientras seguimos con el plan de vacunaci\u00f3n\u00bb, lanz\u00f3 el funcionario bonaerense a trav\u00e9s de su cuenta de Twitter.<\/p>\n\n\n\n<p>Las palabras del Gobierno bonaerense se conocieron luego del \u00abruego\u00bb que realizaron los hospitales ante el aumento exponencial de los casos. Al mismo tiempo, desde Naci\u00f3n tambi\u00e9n se eval\u00faan aplicar nuevas medidas si el incremento de\u00a0<strong>contagios<\/strong>\u00a0no cesa.<\/p>\n\n\n\n<p>Durante el fin de semana, un comunicado en conjunto de la mayor\u00eda de los&nbsp;<strong>hospitales p\u00fablicos&nbsp;<\/strong>de la provincia de Buenos Aires pidi\u00f3 a la poblaci\u00f3n para extremar los cuidados ante la preocupante situaci\u00f3n que se vive.<\/p>\n\n\n\n<p>En el llamado, resaltaron que en los \u00faltimos 15 d\u00edas la cantidad de personas que requirieron&nbsp;<strong>hisopados<\/strong>, \u201chicieron consultas o necesitaron internaci\u00f3n se han multiplicado de una manera que ni siquiera vimos en todo el a\u00f1o pasado\u201d.<\/p>\n\n\n\n<p>\u201cSi los casos siguen subiendo nada va a alcanzar. Vemos lo que pasa en la regi\u00f3n y en el mundo, con sistemas de salud m\u00e1s robustos que est\u00e1n colapsando. Necesitamos de la solidaridad y la responsabilidad ciudadana para que los contagios no sigan creciendo y la situaci\u00f3n se descontrole\u201d, se\u00f1alaron.<\/p>\n\n\n\n<p>Asimismo, manifestaron que \u00abson semanas claves, que pueden salvar miles de vidas. Sabemos que cada d\u00eda que ganemos, la vacunaci\u00f3n va a avanzar para proteger a quienes tienen mayor riesgo. Es un tiempo limitado pero clave, sabiendo que la vacuna nos da una salida tan cercana. El \u00fanico reconocimiento que necesitamos hoy es el esfuerzo de toda la ciudadan\u00eda para poder frenar los casos y ayudarnos a controlar la situaci\u00f3n\u201d.<\/p>\n\n\n\n<p>Fuente: Infocielo<\/p>\n\n\n\n<p><a href=\"https:\/\/media.infocielo.com\/p\/739b12c3523542849c79ed30dba18f0a\/adjuntos\/299\/imagenes\/000\/852\/0000852159\/segunda-ola-coronavirus-el-gobierno-bonaerense-envio-un-pedido-la-poblacion.jpg\"><\/a><\/p>\n","protected":false},"excerpt":{"rendered":"<p>El Gobierno bonaerense envi\u00f3 un claro mensaje a la poblaci\u00f3n en el marco de la segunda ola de coronavirus. Mientras avanza la segunda ola de\u00a0coronavirus\u00a0en todo el pa\u00eds, el Gobierno de Axel Kicillof envi\u00f3 un mensaje a los bonaerenses para que cumplan con las medidas implementadas para mitigar los contagios. La s\u00faplica lleg\u00f3 luego del [&hellip;]<\/p>\n","protected":false},"author":4,"featured_media":90724,"comment_status":"open","ping_status":"closed","sticky":false,"template":"","format":"standard","meta":{"om_disable_all_campaigns":false,"_jetpack_memberships_contains_paid_content":false,"footnotes":""},"categories":[621],"tags":[],"class_list":["post-90723","post","type-post","status-publish","format-standard","has-post-thumbnail","hentry","category-regionales"],"aioseo_notices":[],"gutentor_comment":0,"jetpack_featured_media_url":"https:\/\/eldiariodesanpedro.com.ar\/sitio\/wp-content\/uploads\/2021\/04\/segunda-ola-coronavirus-el-gobierno-bonaerense-envio-un-pedido-la-poblacion.jpg","jetpack_shortlink":"https:\/\/wp.me\/p6RhLt-nBh","jetpack_sharing_enabled":true,"_links":{"self":[{"href":"https:\/\/eldiariodesanpedro.com.ar\/sitio\/wp-json\/wp\/v2\/posts\/90723","targetHints":{"allow":["GET"]}}],"collection":[{"href":"https:\/\/eldiariodesanpedro.com.ar\/sitio\/wp-json\/wp\/v2\/posts"}],"about":[{"href":"https:\/\/eldiariodesanpedro.com.ar\/sitio\/wp-json\/wp\/v2\/types\/post"}],"author":[{"embeddable":true,"href":"https:\/\/eldiariodesanpedro.com.ar\/sitio\/wp-json\/wp\/v2\/users\/4"}],"replies":[{"embeddable":true,"href":"https:\/\/eldiariodesanpedro.com.ar\/sitio\/wp-json\/wp\/v2\/comments?post=90723"}],"version-history":[{"count":1,"href":"https:\/\/eldiariodesanpedro.com.ar\/sitio\/wp-json\/wp\/v2\/posts\/90723\/revisions"}],"predecessor-version":[{"id":90725,"href":"https:\/\/eldiariodesanpedro.com.ar\/sitio\/wp-json\/wp\/v2\/posts\/90723\/revisions\/90725"}],"wp:featuredmedia":[{"embeddable":true,"href":"https:\/\/eldiariodesanpedro.com.ar\/sitio\/wp-json\/wp\/v2\/media\/90724"}],"wp:attachment":[{"href":"https:\/\/eldiariodesanpedro.com.ar\/sitio\/wp-json\/wp\/v2\/media?parent=90723"}],"wp:term":[{"taxonomy":"category","embeddable":true,"href":"https:\/\/eldiariodesanpedro.com.ar\/sitio\/wp-json\/wp\/v2\/categories?post=90723"},{"taxonomy":"post_tag","embeddable":true,"href":"https:\/\/eldiariodesanpedro.com.ar\/sitio\/wp-json\/wp\/v2\/tags?post=90723"}],"curies":[{"name":"wp","href":"https:\/\/api.w.org\/{rel}","templated":true}]}}