{"id":90721,"date":"2021-04-12T09:54:40","date_gmt":"2021-04-12T12:54:40","guid":{"rendered":"https:\/\/eldiariodesanpedro.com.ar\/sitio\/?p=90721"},"modified":"2021-04-12T09:54:45","modified_gmt":"2021-04-12T12:54:45","slug":"los-hospitales-bonaerenses-advierten-si-los-casos-siguen-subiendo-nada-va-a-alcanzar","status":"publish","type":"post","link":"https:\/\/eldiariodesanpedro.com.ar\/sitio\/los-hospitales-bonaerenses-advierten-si-los-casos-siguen-subiendo-nada-va-a-alcanzar\/","title":{"rendered":"Los hospitales bonaerenses advierten: \u201csi los casos siguen subiendo, nada va a alcanzar\u201d"},"content":{"rendered":"<!-- VideographyWP Plugin Message: Automatic video embedding prevented by plugin options. -->\n\n<p>Directores de 140 nosocomios provinciales y municipales publicaron una carta para pedir por la \u201cresponsabilidad ciudadana\u201d. Advierten que las que vienen \u201cson semanas claves, que pueden salvar miles de vidas\u201d. Firmaron el director del San Felipe y sus pares de hospitales de Ramallo, Baradero, San Pedro y Pergamino.<\/p>\n\n\n\n<p>Directores de hospitales provinciales y municipales salieron este domingo a pedir \u201cresponsabilidad ciudadana\u201d para frenar la segunda ola de coronavirus, advirtieron de que \u201csi los casos siguen subiendo, nada va a alcanzar\u201d y consideraron que las que vienen \u201cson semanas clave, que pueden salvar miles de vidas\u201d.<br>\u201cVivimos en Argentina el peor momento de la pandemia por el virus SARS-CoV-2 y necesitamos que todos los habitantes de la provincia de Buenos Aires sepan lo que est\u00e1 pasando en cada hospital provincial y municipal. Es un momento cr\u00edtico\u201d, indicaron los directivos a trav\u00e9s de una misiva dirigida a la ciudadan\u00eda. Firmaron el mensaje los referentes de 140 nosocomios; entre ellos, el Dr. Pablo Gavazza, director del hospital San Felipe de San Nicol\u00e1s, y Guillermo Van Kemenade, titular del Hospital Municipal Gomendio de Ramallo. Tambi\u00e9n, directores de hospitales con asiento en otros puntos de la Regi\u00f3n Sanitaria IV: Pergamino, San Pedro, Baradero, Col\u00f3n, Rojas, Salto, San Andr\u00e9s de Giles, San Antonio de Areco y Carmen de Areco.<br>El escrito explica que \u201cen los \u00faltimos 15 d\u00edas, la cantidad de personas que requirieron hisopados, hicieron consultas o necesitaron internaci\u00f3n se han multiplicado de una manera que ni siquiera vimos en todo el a\u00f1o pasado\u201d y que \u201cla cantidad de casos, que son r\u00e9cords todos los d\u00edas, demuestran esta situaci\u00f3n\u201d.<br>Los directivos explicaron que \u201ctenemos la soluci\u00f3n\u201d de la pandemia \u201cen marcha\u201d con el plan de vacunaci\u00f3n y detallaron que los contagios vienen bajando en los profesionales por la inmunizaci\u00f3n (cayeron del 7% del total al 0,4%). Asimismo, halagaron que durante el \u00faltimo a\u00f1o \u201cse triplicaron la cantidad de camas de terapia intensiva\u201d, se incorporaron al sistema \u201cmiles de trabajadores\u201d y contaron con insumos.<br>\u201cA nadie le falt\u00f3 una cama\u201d, destacaron. Pero advirtieron: \u201cSi los casos siguen subiendo, nada va a alcanzar. Vemos lo que pasa en la regi\u00f3n y en el mundo, con sistemas de salud m\u00e1s robustos que est\u00e1n colapsados\u201d. En este punto, pidieron por \u201cla solidaridad y la responsabilidad ciudadana para que los contagios no sigan creciendo\u201d.<\/p>\n\n\n\n<p><strong>Cuidados personales<\/strong><br>\u201cSabemos que las medidas de los Gobiernos nacional, provincial y municipales son fundamentales para tratar de controlar el espacio p\u00fablico y las apoyamos, porque vemos lo que est\u00e1 pasando. Pero no hay medida que funcione sin una ciudadan\u00eda solidaria y responsable que las cumpla, ni controles que las garanticen. Es esencial tambi\u00e9n que los cuidados y los protocolos se cumplan en el \u00e1mbito privado, porque la mayor\u00eda de los casos que nos llegan a los hospitales son producto de reuniones familiares y encuentros con amigos\u201d, explicaron.<br>En la carta, los responsables de los nosocomios consideraron que las que vienen \u201cson semanas clave, que pueden salvar miles de vidas\u201d porque \u201ccada d\u00eda que ganemos, la vacunaci\u00f3n va a avanzar para proteger a quienes tienen mayor riesgo\u201d. \u201cDesde nuestro lugar, seguiremos haciendo un esfuerzo extraordinario, que pone en juego nuestra salud y la de nuestras familias. Sentimos el acompa\u00f1amiento y aquellos aplausos nos reconfortaban. Pero solos y solas no podemos\u201d, agregaron.<br>El escrito (en rigor, se hicieron p\u00fablicas dos misivas id\u00e9nticas con distintas adhesiones) est\u00e1 firmado por los directores de m\u00e1s de 140 hospitales provinciales y municipales de distintos distritos bonaerenses.<\/p>\n","protected":false},"excerpt":{"rendered":"<p>Directores de 140 nosocomios provinciales y municipales publicaron una carta para pedir por la \u201cresponsabilidad ciudadana\u201d. Advierten que las que vienen \u201cson semanas claves, que pueden salvar miles de vidas\u201d. Firmaron el director del San Felipe y sus pares de hospitales de Ramallo, Baradero, San Pedro y Pergamino. Directores de hospitales provinciales y municipales salieron [&hellip;]<\/p>\n","protected":false},"author":4,"featured_media":82217,"comment_status":"open","ping_status":"closed","sticky":false,"template":"","format":"standard","meta":{"om_disable_all_campaigns":false,"_jetpack_memberships_contains_paid_content":false,"footnotes":""},"categories":[621],"tags":[],"class_list":["post-90721","post","type-post","status-publish","format-standard","has-post-thumbnail","hentry","category-regionales"],"aioseo_notices":[],"gutentor_comment":0,"jetpack_featured_media_url":"https:\/\/eldiariodesanpedro.com.ar\/sitio\/wp-content\/uploads\/2020\/10\/coronavirus-muerte-12.jpg","jetpack_shortlink":"https:\/\/wp.me\/p6RhLt-nBf","jetpack_sharing_enabled":true,"_links":{"self":[{"href":"https:\/\/eldiariodesanpedro.com.ar\/sitio\/wp-json\/wp\/v2\/posts\/90721","targetHints":{"allow":["GET"]}}],"collection":[{"href":"https:\/\/eldiariodesanpedro.com.ar\/sitio\/wp-json\/wp\/v2\/posts"}],"about":[{"href":"https:\/\/eldiariodesanpedro.com.ar\/sitio\/wp-json\/wp\/v2\/types\/post"}],"author":[{"embeddable":true,"href":"https:\/\/eldiariodesanpedro.com.ar\/sitio\/wp-json\/wp\/v2\/users\/4"}],"replies":[{"embeddable":true,"href":"https:\/\/eldiariodesanpedro.com.ar\/sitio\/wp-json\/wp\/v2\/comments?post=90721"}],"version-history":[{"count":1,"href":"https:\/\/eldiariodesanpedro.com.ar\/sitio\/wp-json\/wp\/v2\/posts\/90721\/revisions"}],"predecessor-version":[{"id":90722,"href":"https:\/\/eldiariodesanpedro.com.ar\/sitio\/wp-json\/wp\/v2\/posts\/90721\/revisions\/90722"}],"wp:featuredmedia":[{"embeddable":true,"href":"https:\/\/eldiariodesanpedro.com.ar\/sitio\/wp-json\/wp\/v2\/media\/82217"}],"wp:attachment":[{"href":"https:\/\/eldiariodesanpedro.com.ar\/sitio\/wp-json\/wp\/v2\/media?parent=90721"}],"wp:term":[{"taxonomy":"category","embeddable":true,"href":"https:\/\/eldiariodesanpedro.com.ar\/sitio\/wp-json\/wp\/v2\/categories?post=90721"},{"taxonomy":"post_tag","embeddable":true,"href":"https:\/\/eldiariodesanpedro.com.ar\/sitio\/wp-json\/wp\/v2\/tags?post=90721"}],"curies":[{"name":"wp","href":"https:\/\/api.w.org\/{rel}","templated":true}]}}