{"id":90714,"date":"2021-04-11T19:33:02","date_gmt":"2021-04-11T22:33:02","guid":{"rendered":"https:\/\/eldiariodesanpedro.com.ar\/sitio\/?p=90714"},"modified":"2021-04-11T19:33:05","modified_gmt":"2021-04-11T22:33:05","slug":"el-peligroso-rumbo-de-la-libre-eleccion-de-medicos-y-prestadores","status":"publish","type":"post","link":"https:\/\/eldiariodesanpedro.com.ar\/sitio\/el-peligroso-rumbo-de-la-libre-eleccion-de-medicos-y-prestadores\/","title":{"rendered":"El peligroso rumbo de la libre elecci\u00f3n de m\u00e9dicos y prestadores"},"content":{"rendered":"<!-- VideographyWP Plugin Message: Automatic video embedding prevented by plugin options. -->\n\n<p>Desde su creaci\u00f3n el C\u00edrculo M\u00e9dico de San Pedro ha defendido en todas las circunstancias y con esfuerzo, la libertad de elecci\u00f3n de m\u00e9dico por parte de cada afiliado a las obras sociales y ser asistido por quien el paciente decida.<\/p>\n\n\n\n<p>La sugestiva reacci\u00f3n de FEMEBA, que siempre ha estado alineada con las medidas tomadas por el IOMA, que mediante una solicitada pone en duda el derecho de los afiliados a elegir a su m\u00e9dico,&nbsp; nos preocupa. &nbsp;<\/p>\n\n\n\n<p>Agotados por la pandemia y con un desgaste que acumula situaciones llenas de injusticias, expresamos nuestra preocupaci\u00f3n,&nbsp; compartiendo la misma incertidumbre entre m\u00e9dicos y afiliados.<\/p>\n\n\n\n<p>El IOMA pretende cambiar esa realidad y obligar a sus beneficiarios a asistirse donde y con quien el Instituto lo disponga, con el agravante de que los efectores con los cuales el Instituto pretende que se atiendan sus afiliados,&nbsp; son en muchos casos establecimientos o m\u00e9dicos sancionados,<\/p>\n\n\n\n<p><strong>Est\u00e1 en usted defender su libre elecci\u00f3n y la calidad e idoneidad de los m\u00e9dicos que lo asistan.<br><\/strong><\/p>\n","protected":false},"excerpt":{"rendered":"<p>Desde su creaci\u00f3n el C\u00edrculo M\u00e9dico de San Pedro ha defendido en todas las circunstancias y con esfuerzo, la libertad de elecci\u00f3n de m\u00e9dico por parte de cada afiliado a las obras sociales y ser asistido por quien el paciente decida. La sugestiva reacci\u00f3n de FEMEBA, que siempre ha estado alineada con las medidas tomadas [&hellip;]<\/p>\n","protected":false},"author":4,"featured_media":90715,"comment_status":"open","ping_status":"closed","sticky":false,"template":"","format":"standard","meta":{"om_disable_all_campaigns":false,"_jetpack_memberships_contains_paid_content":false,"footnotes":""},"categories":[101,2],"tags":[],"class_list":["post-90714","post","type-post","status-publish","format-standard","has-post-thumbnail","hentry","category-interes-general-locales","category-locales"],"aioseo_notices":[],"gutentor_comment":0,"jetpack_featured_media_url":"https:\/\/eldiariodesanpedro.com.ar\/sitio\/wp-content\/uploads\/2021\/04\/ALERTA-3.png","jetpack_shortlink":"https:\/\/wp.me\/p6RhLt-nB8","jetpack_sharing_enabled":true,"_links":{"self":[{"href":"https:\/\/eldiariodesanpedro.com.ar\/sitio\/wp-json\/wp\/v2\/posts\/90714","targetHints":{"allow":["GET"]}}],"collection":[{"href":"https:\/\/eldiariodesanpedro.com.ar\/sitio\/wp-json\/wp\/v2\/posts"}],"about":[{"href":"https:\/\/eldiariodesanpedro.com.ar\/sitio\/wp-json\/wp\/v2\/types\/post"}],"author":[{"embeddable":true,"href":"https:\/\/eldiariodesanpedro.com.ar\/sitio\/wp-json\/wp\/v2\/users\/4"}],"replies":[{"embeddable":true,"href":"https:\/\/eldiariodesanpedro.com.ar\/sitio\/wp-json\/wp\/v2\/comments?post=90714"}],"version-history":[{"count":1,"href":"https:\/\/eldiariodesanpedro.com.ar\/sitio\/wp-json\/wp\/v2\/posts\/90714\/revisions"}],"predecessor-version":[{"id":90716,"href":"https:\/\/eldiariodesanpedro.com.ar\/sitio\/wp-json\/wp\/v2\/posts\/90714\/revisions\/90716"}],"wp:featuredmedia":[{"embeddable":true,"href":"https:\/\/eldiariodesanpedro.com.ar\/sitio\/wp-json\/wp\/v2\/media\/90715"}],"wp:attachment":[{"href":"https:\/\/eldiariodesanpedro.com.ar\/sitio\/wp-json\/wp\/v2\/media?parent=90714"}],"wp:term":[{"taxonomy":"category","embeddable":true,"href":"https:\/\/eldiariodesanpedro.com.ar\/sitio\/wp-json\/wp\/v2\/categories?post=90714"},{"taxonomy":"post_tag","embeddable":true,"href":"https:\/\/eldiariodesanpedro.com.ar\/sitio\/wp-json\/wp\/v2\/tags?post=90714"}],"curies":[{"name":"wp","href":"https:\/\/api.w.org\/{rel}","templated":true}]}}