{"id":90711,"date":"2021-04-11T19:27:51","date_gmt":"2021-04-11T22:27:51","guid":{"rendered":"https:\/\/eldiariodesanpedro.com.ar\/sitio\/?p=90711"},"modified":"2021-04-11T19:27:55","modified_gmt":"2021-04-11T22:27:55","slug":"coronavirus-toyota-reduce-a-un-turno-su-produccion","status":"publish","type":"post","link":"https:\/\/eldiariodesanpedro.com.ar\/sitio\/coronavirus-toyota-reduce-a-un-turno-su-produccion\/","title":{"rendered":"Coronavirus: Toyota reduce a un turno su producci\u00f3n"},"content":{"rendered":"<!-- VideographyWP Plugin Message: Automatic video embedding prevented by plugin options. -->\n\n<p>La empresa automotriz&nbsp;Toyota&nbsp;decidi\u00f3&nbsp;reducir a un turno la actividad de producci\u00f3n&nbsp;en la planta que posee en el partido bonaerense de Z\u00e1rate la semana pr\u00f3xima, debido a que en algunos sectores espec\u00edficos no llegan a contar con la cantidad necesaria de personal debido al&nbsp;crecimiento de contagios de coronavirus&nbsp;(Covid-19).<\/p>\n\n\n\n<p>El problema se concentra en el nivel de ausentismo alcanzado en los \u00faltimos d\u00edas por parte de trabajadores que dieron positivo o fueron contacto estrecho de alguien que dio positivo de coronavirus.<\/p>\n\n\n\n<p>Fuentes de automotriz japonesa, que es&nbsp;la principal productora de veh\u00edculos de la Argentina, precisaron a T\u00e9lam que&nbsp;la decisi\u00f3n, de car\u00e1cter \u201cextraordinaria\u201d, comenzar\u00e1 el lunes 12 y se extender\u00e1 hasta el viernes 16 de abril, y que la producci\u00f3n de la planta se focalizar\u00e1 en el&nbsp;turno ma\u00f1ana.<\/p>\n\n\n\n<p>Las fuentes aseguraron que&nbsp;los contagios no se produjeron en la planta, ya que a trav\u00e9s de&nbsp;hisopados que realizaron a trabajadores&nbsp;de&nbsp;contacto estrecho&nbsp;con empleados con Covid positivo, en \u201cun 99% dieron negativo\u201d.<\/p>\n\n\n\n<p>\u00abEn algunos sectores puntuales no se llega a juntar la gente necesaria para producir. Por eso se decidi\u00f3 hacer solo el turno de la ma\u00f1ana. Es una decisi\u00f3n extraordinaria que empieza el lunes 12 y se extiende hasta el viernes\u201d, se\u00f1alaron.<\/p>\n\n\n\n<p>La empresa ten\u00eda el objetivo de llegar a fabricar 141.000 veh\u00edculos anuales, por lo que&nbsp;hab\u00eda llevado&nbsp;al m\u00e1ximo hist\u00f3rico la capacidad de producci\u00f3n&nbsp;de pickups&nbsp;Hilux&nbsp;y el&nbsp;SUV&nbsp;derivado&nbsp;SW4, al punto que&nbsp;hab\u00eda comenzado a sacar de la l\u00ednea de montaje una unidad cada 90 segundos.<\/p>\n\n\n\n<p>Sin embargo, seg\u00fan afirm\u00f3 Toyota, lo hac\u00eda cumpliendo con todos los protocolos. La empresa enfatiz\u00f3 que&nbsp;los protocolos se cumplen de manera eficiente&nbsp;en la planta de Z\u00e1rate, donde&nbsp;trabajan a diario m\u00e1s de 5.000 personas&nbsp;en dos turnos de producci\u00f3n.<\/p>\n\n\n\n<p>De todas maneras, el brote en Toyota&nbsp;es&nbsp;consecuencia directa de la segunda ola de coronavirus que afecta al pa\u00eds, con impacto econ\u00f3mico directo en una f\u00e1brica.<\/p>\n\n\n\n<p>Fuente: Telam<\/p>\n","protected":false},"excerpt":{"rendered":"<p>La empresa automotriz&nbsp;Toyota&nbsp;decidi\u00f3&nbsp;reducir a un turno la actividad de producci\u00f3n&nbsp;en la planta que posee en el partido bonaerense de Z\u00e1rate la semana pr\u00f3xima, debido a que en algunos sectores espec\u00edficos no llegan a contar con la cantidad necesaria de personal debido al&nbsp;crecimiento de contagios de coronavirus&nbsp;(Covid-19). El problema se concentra en el nivel de ausentismo [&hellip;]<\/p>\n","protected":false},"author":4,"featured_media":90712,"comment_status":"open","ping_status":"closed","sticky":false,"template":"","format":"standard","meta":{"om_disable_all_campaigns":false,"_jetpack_memberships_contains_paid_content":false,"footnotes":""},"categories":[101,2],"tags":[],"class_list":["post-90711","post","type-post","status-publish","format-standard","has-post-thumbnail","hentry","category-interes-general-locales","category-locales"],"aioseo_notices":[],"gutentor_comment":0,"jetpack_featured_media_url":"https:\/\/eldiariodesanpedro.com.ar\/sitio\/wp-content\/uploads\/2021\/04\/000090897.jpg","jetpack_shortlink":"https:\/\/wp.me\/p6RhLt-nB5","jetpack_sharing_enabled":true,"_links":{"self":[{"href":"https:\/\/eldiariodesanpedro.com.ar\/sitio\/wp-json\/wp\/v2\/posts\/90711","targetHints":{"allow":["GET"]}}],"collection":[{"href":"https:\/\/eldiariodesanpedro.com.ar\/sitio\/wp-json\/wp\/v2\/posts"}],"about":[{"href":"https:\/\/eldiariodesanpedro.com.ar\/sitio\/wp-json\/wp\/v2\/types\/post"}],"author":[{"embeddable":true,"href":"https:\/\/eldiariodesanpedro.com.ar\/sitio\/wp-json\/wp\/v2\/users\/4"}],"replies":[{"embeddable":true,"href":"https:\/\/eldiariodesanpedro.com.ar\/sitio\/wp-json\/wp\/v2\/comments?post=90711"}],"version-history":[{"count":1,"href":"https:\/\/eldiariodesanpedro.com.ar\/sitio\/wp-json\/wp\/v2\/posts\/90711\/revisions"}],"predecessor-version":[{"id":90713,"href":"https:\/\/eldiariodesanpedro.com.ar\/sitio\/wp-json\/wp\/v2\/posts\/90711\/revisions\/90713"}],"wp:featuredmedia":[{"embeddable":true,"href":"https:\/\/eldiariodesanpedro.com.ar\/sitio\/wp-json\/wp\/v2\/media\/90712"}],"wp:attachment":[{"href":"https:\/\/eldiariodesanpedro.com.ar\/sitio\/wp-json\/wp\/v2\/media?parent=90711"}],"wp:term":[{"taxonomy":"category","embeddable":true,"href":"https:\/\/eldiariodesanpedro.com.ar\/sitio\/wp-json\/wp\/v2\/categories?post=90711"},{"taxonomy":"post_tag","embeddable":true,"href":"https:\/\/eldiariodesanpedro.com.ar\/sitio\/wp-json\/wp\/v2\/tags?post=90711"}],"curies":[{"name":"wp","href":"https:\/\/api.w.org\/{rel}","templated":true}]}}