{"id":90706,"date":"2021-04-11T19:17:37","date_gmt":"2021-04-11T22:17:37","guid":{"rendered":"https:\/\/eldiariodesanpedro.com.ar\/sitio\/?p=90706"},"modified":"2021-04-11T19:24:12","modified_gmt":"2021-04-11T22:24:12","slug":"cecilia-vazquez-fue-designada-titular-del-pami","status":"publish","type":"post","link":"https:\/\/eldiariodesanpedro.com.ar\/sitio\/cecilia-vazquez-fue-designada-titular-del-pami\/","title":{"rendered":"Cecilia V\u00e1zquez fue designada titular del PAMI"},"content":{"rendered":"<!-- VideographyWP Plugin Message: Automatic video embedding prevented by plugin options. -->\n\n<p>La decisi\u00f3n tom\u00f3 por sorpresa a varios y fue confirmada el viernes cuando la titular del Anses\u00a0comunic\u00f3 al Concejo Deliberante que regresaba a ocupar su banca en el bloque del Frente de Todos.\u00a0\u00a0<\/p>\n\n\n\n<p>La pol\u00edtica sampedrina no deja de sorprender y sobre el inicio del fin de semana se pudo confirmar lo que se ven\u00eda rumoreando desde hace d\u00edas, idas y vueltas, opiniones encontradas y final cantado.<\/p>\n\n\n\n<p>El viernes, la jefa de la Udai San Pedro, Tamara Vlaeminck, le comunic\u00f3 a la presidenta del Concejo Deliberante que regresaba al cuerpo para ocupar su banca en el bloque del Frente de Todos.&nbsp;<\/p>\n\n\n\n<p>Hasta ah\u00ed&nbsp;todo transcurr\u00eda dentro de sus carriles habituales, pero con el correr de las horas se estableci\u00f3 que la concejal Cecilia V\u00e1zquez, quien es suplente en el bloque,&nbsp;estaba reemplazando a Vlaeminck fue designada jefa del PAMI San Pedro en lugar del hist\u00f3rico Oscar Mantovani.&nbsp;&nbsp;<\/p>\n\n\n\n<p>Hay quienes lo tomaron a bien y quienes no tanto, porque a esto se le suma que la propia Vlaeminck seguir\u00e1 desempe\u00f1\u00e1ndose como titular del Anses, lo mismo que sucedi\u00f3 hace tres a\u00f1os con el Dr. Sergio Rosa quien en ese momento tambi\u00e9n era concejal y tras ser designado jefe de la Udai ejerci\u00f3 las dos funciones hasta que dej\u00f3 su lugar a la Dra. Ortega.\u00a0<\/p>\n\n\n\n<p>Fuente: <a href=\"https:\/\/www.sanpedroinforma.com.ar\/nota\/124124\/politica\/cecilia-vazquez-fue-designada-titular-del-pami.html\">San Pedro Informa<\/a><\/p>\n","protected":false},"excerpt":{"rendered":"<p>La decisi\u00f3n tom\u00f3 por sorpresa a varios y fue confirmada el viernes cuando la titular del Anses\u00a0comunic\u00f3 al Concejo Deliberante que regresaba a ocupar su banca en el bloque del Frente de Todos.\u00a0\u00a0 La pol\u00edtica sampedrina no deja de sorprender y sobre el inicio del fin de semana se pudo confirmar lo que se ven\u00eda [&hellip;]<\/p>\n","protected":false},"author":4,"featured_media":90707,"comment_status":"open","ping_status":"closed","sticky":false,"template":"","format":"standard","meta":{"om_disable_all_campaigns":false,"_jetpack_memberships_contains_paid_content":false,"footnotes":""},"categories":[50,101,2],"tags":[],"class_list":["post-90706","post","type-post","status-publish","format-standard","has-post-thumbnail","hentry","category-destacadas","category-interes-general-locales","category-locales"],"aioseo_notices":[],"gutentor_comment":0,"jetpack_featured_media_url":"https:\/\/eldiariodesanpedro.com.ar\/sitio\/wp-content\/uploads\/2021\/04\/000090921.jpg","jetpack_shortlink":"https:\/\/wp.me\/p6RhLt-nB0","jetpack_sharing_enabled":true,"_links":{"self":[{"href":"https:\/\/eldiariodesanpedro.com.ar\/sitio\/wp-json\/wp\/v2\/posts\/90706","targetHints":{"allow":["GET"]}}],"collection":[{"href":"https:\/\/eldiariodesanpedro.com.ar\/sitio\/wp-json\/wp\/v2\/posts"}],"about":[{"href":"https:\/\/eldiariodesanpedro.com.ar\/sitio\/wp-json\/wp\/v2\/types\/post"}],"author":[{"embeddable":true,"href":"https:\/\/eldiariodesanpedro.com.ar\/sitio\/wp-json\/wp\/v2\/users\/4"}],"replies":[{"embeddable":true,"href":"https:\/\/eldiariodesanpedro.com.ar\/sitio\/wp-json\/wp\/v2\/comments?post=90706"}],"version-history":[{"count":2,"href":"https:\/\/eldiariodesanpedro.com.ar\/sitio\/wp-json\/wp\/v2\/posts\/90706\/revisions"}],"predecessor-version":[{"id":90710,"href":"https:\/\/eldiariodesanpedro.com.ar\/sitio\/wp-json\/wp\/v2\/posts\/90706\/revisions\/90710"}],"wp:featuredmedia":[{"embeddable":true,"href":"https:\/\/eldiariodesanpedro.com.ar\/sitio\/wp-json\/wp\/v2\/media\/90707"}],"wp:attachment":[{"href":"https:\/\/eldiariodesanpedro.com.ar\/sitio\/wp-json\/wp\/v2\/media?parent=90706"}],"wp:term":[{"taxonomy":"category","embeddable":true,"href":"https:\/\/eldiariodesanpedro.com.ar\/sitio\/wp-json\/wp\/v2\/categories?post=90706"},{"taxonomy":"post_tag","embeddable":true,"href":"https:\/\/eldiariodesanpedro.com.ar\/sitio\/wp-json\/wp\/v2\/tags?post=90706"}],"curies":[{"name":"wp","href":"https:\/\/api.w.org\/{rel}","templated":true}]}}