{"id":90703,"date":"2021-04-11T19:14:23","date_gmt":"2021-04-11T22:14:23","guid":{"rendered":"https:\/\/eldiariodesanpedro.com.ar\/sitio\/?p=90703"},"modified":"2021-04-11T19:14:27","modified_gmt":"2021-04-11T22:14:27","slug":"dictaron-prision-preventiva-al-homicida-de-emanuel-velo","status":"publish","type":"post","link":"https:\/\/eldiariodesanpedro.com.ar\/sitio\/dictaron-prision-preventiva-al-homicida-de-emanuel-velo\/","title":{"rendered":"Dictaron prisi\u00f3n preventiva al homicida de Emanuel Velo"},"content":{"rendered":"<!-- VideographyWP Plugin Message: Automatic video embedding prevented by plugin options. -->\n\n<p>El juez de garant\u00edas Rom\u00e1n Parodi hizo lugar al pedido del fiscal Marcelo Manso y dict\u00f3 la prisi\u00f3n preventiva de Luis Almir\u00f3n, el joven de 21 a\u00f1os acusado de matar de un balazo a Emanuel \u00abVirolo\u00bb Velo, de 19 a\u00f1os.<\/p>\n\n\n\n<p>El acusado es el \u00fanico imputado en la causa que se instruye desde el 21 de febrero de este a\u00f1o cuando en horas de la madrugada y en el barrio Hermano Indio se produjo un incidente donde termin\u00f3 muriendo Velo.<\/p>\n\n\n\n<p>Almir\u00f3n asegura ser inocente pero los testimonios de vecinos lo ubican en el lugar del hecho.\u00a0<\/p>\n\n\n\n<p>Fuente: <a href=\"https:\/\/www.sanpedroinforma.com.ar\/nota\/124126\/interes-general\/dictaron-prision-preventiva-al-homicida-de-emanuel-velo.html\">San Pedro Informa<\/a><\/p>\n","protected":false},"excerpt":{"rendered":"<p>El juez de garant\u00edas Rom\u00e1n Parodi hizo lugar al pedido del fiscal Marcelo Manso y dict\u00f3 la prisi\u00f3n preventiva de Luis Almir\u00f3n, el joven de 21 a\u00f1os acusado de matar de un balazo a Emanuel \u00abVirolo\u00bb Velo, de 19 a\u00f1os. El acusado es el \u00fanico imputado en la causa que se instruye desde el 21 [&hellip;]<\/p>\n","protected":false},"author":4,"featured_media":90704,"comment_status":"open","ping_status":"closed","sticky":false,"template":"","format":"standard","meta":{"om_disable_all_campaigns":false,"_jetpack_memberships_contains_paid_content":false,"footnotes":""},"categories":[50,2,103],"tags":[],"class_list":["post-90703","post","type-post","status-publish","format-standard","has-post-thumbnail","hentry","category-destacadas","category-locales","category-policiales-locales"],"aioseo_notices":[],"gutentor_comment":0,"jetpack_featured_media_url":"https:\/\/eldiariodesanpedro.com.ar\/sitio\/wp-content\/uploads\/2021\/04\/000090937.jpg","jetpack_shortlink":"https:\/\/wp.me\/p6RhLt-nAX","jetpack_sharing_enabled":true,"_links":{"self":[{"href":"https:\/\/eldiariodesanpedro.com.ar\/sitio\/wp-json\/wp\/v2\/posts\/90703","targetHints":{"allow":["GET"]}}],"collection":[{"href":"https:\/\/eldiariodesanpedro.com.ar\/sitio\/wp-json\/wp\/v2\/posts"}],"about":[{"href":"https:\/\/eldiariodesanpedro.com.ar\/sitio\/wp-json\/wp\/v2\/types\/post"}],"author":[{"embeddable":true,"href":"https:\/\/eldiariodesanpedro.com.ar\/sitio\/wp-json\/wp\/v2\/users\/4"}],"replies":[{"embeddable":true,"href":"https:\/\/eldiariodesanpedro.com.ar\/sitio\/wp-json\/wp\/v2\/comments?post=90703"}],"version-history":[{"count":1,"href":"https:\/\/eldiariodesanpedro.com.ar\/sitio\/wp-json\/wp\/v2\/posts\/90703\/revisions"}],"predecessor-version":[{"id":90705,"href":"https:\/\/eldiariodesanpedro.com.ar\/sitio\/wp-json\/wp\/v2\/posts\/90703\/revisions\/90705"}],"wp:featuredmedia":[{"embeddable":true,"href":"https:\/\/eldiariodesanpedro.com.ar\/sitio\/wp-json\/wp\/v2\/media\/90704"}],"wp:attachment":[{"href":"https:\/\/eldiariodesanpedro.com.ar\/sitio\/wp-json\/wp\/v2\/media?parent=90703"}],"wp:term":[{"taxonomy":"category","embeddable":true,"href":"https:\/\/eldiariodesanpedro.com.ar\/sitio\/wp-json\/wp\/v2\/categories?post=90703"},{"taxonomy":"post_tag","embeddable":true,"href":"https:\/\/eldiariodesanpedro.com.ar\/sitio\/wp-json\/wp\/v2\/tags?post=90703"}],"curies":[{"name":"wp","href":"https:\/\/api.w.org\/{rel}","templated":true}]}}