{"id":90700,"date":"2021-04-11T19:10:28","date_gmt":"2021-04-11T22:10:28","guid":{"rendered":"https:\/\/eldiariodesanpedro.com.ar\/sitio\/?p=90700"},"modified":"2021-04-11T19:10:33","modified_gmt":"2021-04-11T22:10:33","slug":"lanzamiento-del-programa-animate-vos-vales","status":"publish","type":"post","link":"https:\/\/eldiariodesanpedro.com.ar\/sitio\/lanzamiento-del-programa-animate-vos-vales\/","title":{"rendered":"Lanzamiento del Programa \u00abAnimate, vos Val\u00e9s\u00bb"},"content":{"rendered":"<!-- VideographyWP Plugin Message: Automatic video embedding prevented by plugin options. -->\n\n<p>La presentaci\u00f3n se realiz\u00f3 en el gimnasio del Estadio Municipal. All\u00ed se brind\u00f3 una charla de preparatoria del Programa<\/p>\n\n\n\n<p>La iniciativa est\u00e1 destinada a ni\u00f1os, adolescentes y adultos, a trav\u00e9s de las cuales se busca favorecer el cuidado integral de las familias, propiciando espacios de encuentro para actividades deportivas y culturales en los barrios y localidades del partido.<\/p>\n\n\n\n<p>Particip\u00f3 de la presentaci\u00f3n, el Director de Deportes Mariano Arnal, el Secretario de Desarrollo Humano Walter S\u00e1nchez, coordinadores y colaboradores de este programa, entre ellos Silvio Velo, uno de los mejores deportistas de la historia de San Pedro.<\/p>\n\n\n\n<p>Tambi\u00e9n se present\u00f3 el cuerpo de profesores que trabajar\u00e1 en los distintos barrios donde se llevar\u00e1n adelante las actividades. Adem\u00e1s, se les dio una serie de recomendaciones y elementos para la correcta aplicaci\u00f3n del protocolo sanitario vigente.<\/p>\n\n\n\n<p>Estuvo presente durante la presentaci\u00f3n, el Director de Comisiones de Fomento Adri\u00e1n Devito, ya que esta \u00e1rea colaborar\u00e1 con la difusi\u00f3n, promoci\u00f3n y desarrollo de las actividades, a trav\u00e9s de las Comisiones Barriales.<\/p>\n\n\n\n<p>Podr\u00e1n participar de las actividades ni\u00f1os, adolescentes y adultos de forma gratuita. Pr\u00f3ximamente, a trav\u00e9s de nuestras redes sociales, se dar\u00e1 a conocer la grilla de actividades, lugar y horario de cada una de las jornadas.<\/p>\n\n\n\n<p>Fuente: <a href=\"https:\/\/www.sanpedroinforma.com.ar\/nota\/124125\/politica\/lanzamiento-del-programa-animate-vos-vales.html\">San Pedro Informa<\/a><\/p>\n","protected":false},"excerpt":{"rendered":"<p>La presentaci\u00f3n se realiz\u00f3 en el gimnasio del Estadio Municipal. All\u00ed se brind\u00f3 una charla de preparatoria del Programa La iniciativa est\u00e1 destinada a ni\u00f1os, adolescentes y adultos, a trav\u00e9s de las cuales se busca favorecer el cuidado integral de las familias, propiciando espacios de encuentro para actividades deportivas y culturales en los barrios y [&hellip;]<\/p>\n","protected":false},"author":4,"featured_media":90701,"comment_status":"open","ping_status":"closed","sticky":false,"template":"","format":"standard","meta":{"om_disable_all_campaigns":false,"_jetpack_memberships_contains_paid_content":false,"footnotes":""},"categories":[101,2],"tags":[],"class_list":["post-90700","post","type-post","status-publish","format-standard","has-post-thumbnail","hentry","category-interes-general-locales","category-locales"],"aioseo_notices":[],"gutentor_comment":0,"jetpack_featured_media_url":"https:\/\/eldiariodesanpedro.com.ar\/sitio\/wp-content\/uploads\/2021\/04\/000090929.jpg","jetpack_shortlink":"https:\/\/wp.me\/p6RhLt-nAU","jetpack_sharing_enabled":true,"_links":{"self":[{"href":"https:\/\/eldiariodesanpedro.com.ar\/sitio\/wp-json\/wp\/v2\/posts\/90700","targetHints":{"allow":["GET"]}}],"collection":[{"href":"https:\/\/eldiariodesanpedro.com.ar\/sitio\/wp-json\/wp\/v2\/posts"}],"about":[{"href":"https:\/\/eldiariodesanpedro.com.ar\/sitio\/wp-json\/wp\/v2\/types\/post"}],"author":[{"embeddable":true,"href":"https:\/\/eldiariodesanpedro.com.ar\/sitio\/wp-json\/wp\/v2\/users\/4"}],"replies":[{"embeddable":true,"href":"https:\/\/eldiariodesanpedro.com.ar\/sitio\/wp-json\/wp\/v2\/comments?post=90700"}],"version-history":[{"count":1,"href":"https:\/\/eldiariodesanpedro.com.ar\/sitio\/wp-json\/wp\/v2\/posts\/90700\/revisions"}],"predecessor-version":[{"id":90702,"href":"https:\/\/eldiariodesanpedro.com.ar\/sitio\/wp-json\/wp\/v2\/posts\/90700\/revisions\/90702"}],"wp:featuredmedia":[{"embeddable":true,"href":"https:\/\/eldiariodesanpedro.com.ar\/sitio\/wp-json\/wp\/v2\/media\/90701"}],"wp:attachment":[{"href":"https:\/\/eldiariodesanpedro.com.ar\/sitio\/wp-json\/wp\/v2\/media?parent=90700"}],"wp:term":[{"taxonomy":"category","embeddable":true,"href":"https:\/\/eldiariodesanpedro.com.ar\/sitio\/wp-json\/wp\/v2\/categories?post=90700"},{"taxonomy":"post_tag","embeddable":true,"href":"https:\/\/eldiariodesanpedro.com.ar\/sitio\/wp-json\/wp\/v2\/tags?post=90700"}],"curies":[{"name":"wp","href":"https:\/\/api.w.org\/{rel}","templated":true}]}}