{"id":90693,"date":"2021-04-09T19:12:26","date_gmt":"2021-04-09T22:12:26","guid":{"rendered":"https:\/\/eldiariodesanpedro.com.ar\/sitio\/?p=90693"},"modified":"2021-04-09T19:12:30","modified_gmt":"2021-04-09T22:12:30","slug":"coronavirus-cuarto-dia-consecutivo-de-record-de-contagios","status":"publish","type":"post","link":"https:\/\/eldiariodesanpedro.com.ar\/sitio\/coronavirus-cuarto-dia-consecutivo-de-record-de-contagios\/","title":{"rendered":"Coronavirus: Cuarto d\u00eda consecutivo de r\u00e9cord de contagios"},"content":{"rendered":"<!-- VideographyWP Plugin Message: Automatic video embedding prevented by plugin options. -->\n\n<p>Seg\u00fan los datos del Ministerio de Salud de la Naci\u00f3n esta jornada se reportaron 24.130 nuevos contagios de coronavirus y 228 muertes.<\/p>\n\n\n\n<p>La curva de<strong>\u00a0contagios<\/strong>\u00a0contin\u00faa en aumento y en las \u00faltimas 24 horas los n\u00fameros volvieron a ser r\u00e9cord. Otras 228 personas murieron y 24.130 fueron reportadas con\u00a0<strong>coronavirus<\/strong>\u00a0en la Argentina.<\/p>\n\n\n\n<p>Oficializada la segunda ola de contagios que se vive en el pa\u00eds, la situaci\u00f3n sanitaria es preocupante, ya que seg\u00fan informaron el promedio de notificaciones de contagios diarios de coronavirus lleg\u00f3 esta semana a 15.786 en el pa\u00eds, una cifra superior a los 15.051<strong>\u00a0casos<\/strong>\u00a0promedio que se hab\u00edan alcanzado como r\u00e9cord en la primera ola de la pandemia.<\/p>\n\n\n\n<p>Los fallecidos desde el inicio de la pandemia ascienden a 57.350, seg\u00fan inform\u00f3 hoy el Ministerio de Salud. Ya suman 2.497.881 los casos positivos en el pa\u00eds, de los cuales 2.203.926 son pacientes recuperados y 236.605 corresponde a casos confirmados que a\u00fan permanecen activos.<\/p>\n\n\n\n<p><strong>Testeos<br><\/strong>Se inform\u00f3 que fueron realizados 90.657 testeos en el d\u00eda y desde el inicio del brote se acumularon 9.451.754 pruebas diagn\u00f3sticas para esta enfermedad. El \u00edndice de positividad (confirmados sobre test) durante la primera ola, era de m\u00e1s del 50%, mientras que hoy es del 26%, lo que implica que se est\u00e1n \u00abperdiendo\u00bb menos casos de coronavirus.<br>La notificaci\u00f3n y carga de datos en el Sistema Nacional de Vigilancia de la Salud (SNVS) respecto a la cantidad de infectados y de las personas fallecidas es responsabilidad de cada una de las jurisdicciones.<\/p>\n\n\n\n<p><strong>Situaci\u00f3n en Unidades de Terapia Intensiva<br><\/strong>Una de las preocupaciones m\u00e1s grandes en la segunda ola de contagios es el posible colapso del sistema de salud, la disponibilidad de respiradores y de camas en terapia intensiva. La cartera sanitaria indic\u00f3 que son 3.718 los internados en unidades de terapia intensiva (UTI), con un porcentaje de ocupaci\u00f3n de camas de adultos de 59,1% en el pa\u00eds y del 67% en la \u00c1rea Metropolitana Buenos Aires (AMBA).<br>A diferencia de la primera ola de contagios, en esta segunda ola los casos de personas mayores de 70 a\u00f1os detectadas son menos que durante otros picos la curva.<br>Coronavirus en la provincia<br>En la provincia de Buenos Aires el reporte tambi\u00e9n es r\u00e9cord, con 12.452 nuevos casos de coronavirus, la mitad de los contagios se dio en esta regi\u00f3n geogr\u00e1fica. Desde el inicio de la pandemia 1.062.432 casos corresponden a la provincia. Desde el inicio de la pandemia 808.376 se recuperaron y 29.079 perdieron la vida por coronavirus.<\/p>\n\n\n\n<p><strong>Resto del pa\u00eds<br><\/strong>El n\u00famero de casos confirmados de la jornada se detalla del siguiente modo: Ciudad de Buenos Aires 2.601, Catamarca 128, Chaco 224, Chubut 193, Corrientes 433, C\u00f3rdoba 1.867, Entre R\u00edos 452, Formosa 100, Jujuy 54, La Pampa 214, La Rioja 60, Mendoza 1.056, Misiones 170, Neuqu\u00e9n 175, R\u00edo Negro 208, Salta 247, San Juan 226, San Luis 443, Santa Cruz 176, Santa Fe 1.427, Santiago del Estero 223, Tierra del Fuego 151 y Tucum\u00e1n 850.<br>El n\u00famero de casos acumulados, tambi\u00e9n distribuidos por provincias es el siguiente: Ciudad de Buenos Aires 280.594 Catamarca 11.415, Chaco 40.008, Chubut 51.206, Corrientes 32.774, C\u00f3rdoba 192.920, Entre R\u00edos 52.422, Formosa 2.641, Jujuy 22.944, La Pampa 22.470, La Rioja 11.744, Mendoza 78.846, Misiones 13.038, Neuqu\u00e9n 66.348, R\u00edo Negro 56.594, Salta 30.734, San Juan 18.687, San Luis 25.602, Santa Cruz 40.681, Santa Fe 240.025, Santiago del Estero 26.430, Tierra del Fuego 24.705 y Tucum\u00e1n 92.591.<br>En el caso de Tierra del Fuego se incluyen casos existentes en las Islas Malvinas seg\u00fan informaci\u00f3n de prensa (debido a la ocupaci\u00f3n ilegal del Reino Unido, Gran Breta\u00f1a e Irlanda del Norte no es posible contar con informaci\u00f3n propia sobre el impacto de la Covid-19 en esa parte del territorio argentino).<\/p>\n\n\n\n<p><strong>Avanza el plan de vacunaci\u00f3n<br><\/strong>Otro r\u00e9cord es el de la campa\u00f1a de vacunaci\u00f3n que en las \u00faltimas 24 horas 198 mil d\u00f3sis, adem\u00e1s se superaron los 4millones de personas vacunadas: 4.008.106 de vacunados en la Rep\u00fablica Argentina.<\/p>\n\n\n\n<p>Fuente: <a href=\"https:\/\/infocielo.com\/coronavirus\/cuarto-dia-consecutivo-record-contagios-n709226\">Infocielo<\/a><\/p>\n\n\n\n<p><a href=\"https:\/\/media.infocielo.com\/p\/0a7c5539c80a3a92f1f9a4638977a27f\/adjuntos\/299\/imagenes\/001\/099\/0001099747\/coronavirus-oficializada-la-segunda-ola-contagios-que-se-vive-el-pais-la-situacion-sanitaria-es-preocupante.jpg\"><\/a><\/p>\n","protected":false},"excerpt":{"rendered":"<p>Seg\u00fan los datos del Ministerio de Salud de la Naci\u00f3n esta jornada se reportaron 24.130 nuevos contagios de coronavirus y 228 muertes. La curva de\u00a0contagios\u00a0contin\u00faa en aumento y en las \u00faltimas 24 horas los n\u00fameros volvieron a ser r\u00e9cord. Otras 228 personas murieron y 24.130 fueron reportadas con\u00a0coronavirus\u00a0en la Argentina. Oficializada la segunda ola de [&hellip;]<\/p>\n","protected":false},"author":4,"featured_media":90694,"comment_status":"open","ping_status":"closed","sticky":false,"template":"","format":"standard","meta":{"om_disable_all_campaigns":false,"_jetpack_memberships_contains_paid_content":false,"footnotes":""},"categories":[621],"tags":[],"class_list":["post-90693","post","type-post","status-publish","format-standard","has-post-thumbnail","hentry","category-regionales"],"aioseo_notices":[],"gutentor_comment":0,"jetpack_featured_media_url":"https:\/\/eldiariodesanpedro.com.ar\/sitio\/wp-content\/uploads\/2021\/04\/coronavirus-oficializada-la-segunda-ola-contagios-que-se-vive-el-pais-la-situacion-sanitaria-es-preocupante.jpg","jetpack_shortlink":"https:\/\/wp.me\/p6RhLt-nAN","jetpack_sharing_enabled":true,"_links":{"self":[{"href":"https:\/\/eldiariodesanpedro.com.ar\/sitio\/wp-json\/wp\/v2\/posts\/90693","targetHints":{"allow":["GET"]}}],"collection":[{"href":"https:\/\/eldiariodesanpedro.com.ar\/sitio\/wp-json\/wp\/v2\/posts"}],"about":[{"href":"https:\/\/eldiariodesanpedro.com.ar\/sitio\/wp-json\/wp\/v2\/types\/post"}],"author":[{"embeddable":true,"href":"https:\/\/eldiariodesanpedro.com.ar\/sitio\/wp-json\/wp\/v2\/users\/4"}],"replies":[{"embeddable":true,"href":"https:\/\/eldiariodesanpedro.com.ar\/sitio\/wp-json\/wp\/v2\/comments?post=90693"}],"version-history":[{"count":1,"href":"https:\/\/eldiariodesanpedro.com.ar\/sitio\/wp-json\/wp\/v2\/posts\/90693\/revisions"}],"predecessor-version":[{"id":90695,"href":"https:\/\/eldiariodesanpedro.com.ar\/sitio\/wp-json\/wp\/v2\/posts\/90693\/revisions\/90695"}],"wp:featuredmedia":[{"embeddable":true,"href":"https:\/\/eldiariodesanpedro.com.ar\/sitio\/wp-json\/wp\/v2\/media\/90694"}],"wp:attachment":[{"href":"https:\/\/eldiariodesanpedro.com.ar\/sitio\/wp-json\/wp\/v2\/media?parent=90693"}],"wp:term":[{"taxonomy":"category","embeddable":true,"href":"https:\/\/eldiariodesanpedro.com.ar\/sitio\/wp-json\/wp\/v2\/categories?post=90693"},{"taxonomy":"post_tag","embeddable":true,"href":"https:\/\/eldiariodesanpedro.com.ar\/sitio\/wp-json\/wp\/v2\/tags?post=90693"}],"curies":[{"name":"wp","href":"https:\/\/api.w.org\/{rel}","templated":true}]}}