{"id":90687,"date":"2021-04-09T18:04:01","date_gmt":"2021-04-09T21:04:01","guid":{"rendered":"https:\/\/eldiariodesanpedro.com.ar\/sitio\/?p=90687"},"modified":"2021-04-09T18:04:07","modified_gmt":"2021-04-09T21:04:07","slug":"la-provincia-alerto-sobre-turnos-falsos-es-un-boicot-a-la-campana-de-vacunacion","status":"publish","type":"post","link":"https:\/\/eldiariodesanpedro.com.ar\/sitio\/la-provincia-alerto-sobre-turnos-falsos-es-un-boicot-a-la-campana-de-vacunacion\/","title":{"rendered":"La Provincia alert\u00f3 sobre turnos falsos: \u00abEs un boicot a la campa\u00f1a de vacunaci\u00f3n\u00bb"},"content":{"rendered":"<!-- VideographyWP Plugin Message: Automatic video embedding prevented by plugin options. -->\n\n<p>El Gobernador asegur\u00f3 en sus redes sociales que circula por Whatsapp una convocatoria con turnos para inocularse este viernes. El hecho se registra, hasta el momento, en el municipio de Tigre. La Justicia ya lo est\u00e1 investigando.<\/p>\n\n\n\n<p>En medio de una campa\u00f1a de vacunaci\u00f3n que sigue desarroll\u00e1ndose en la provincia de Buenos Aires, el gobernador Axel Kicillof encendi\u00f3 la luz de alarma respecto de falsas convocatorias para inocularse.<\/p>\n\n\n\n<p>A trav\u00e9s de las redes sociales, el mandatario provincial alert\u00f3: \u00ab\u00a1ATENCI\u00d3N! Nos enteramos de que circula por WhatsApp una falsa convocatoria con turnos para vacunarse ma\u00f1ana (por hoy, viernes), especialmente en el municipio de Tigre\u00bb.&nbsp;<\/p>\n\n\n\n<p>En su cuenta de Twitter, Kicillof asegur\u00f3: \u00abMa\u00f1ana (este viernes) presentaremos la denuncia correspondiente para encontrar a los responsables de este boicot a la campa\u00f1a de vacunaci\u00f3n\u00bb, a\u00f1adiendo que \u00ablos turnos genuinos llegan a trav\u00e9s de la app, mail oficial y \/ o desde el n\u00famero 221 4294002. Tambi\u00e9n se puede chequear en la web\u00bb.<\/p>\n\n\n\n<p>A la voz de alarma se sum\u00f3 el intendente tigrense, Julio Zamora, quien expres\u00f3 desde la red social del pajarito: \u00abAnte la aparici\u00f3n de mensajes de WhatsApp que intentan confundir a la poblaci\u00f3n con turnos falsos para recibir la vacuna contra el #COVID19, recomendamos informarse \u00fanicamente en los canales oficiales de @BAProvincia\u00bb, detallando: vacunatepba.gba.gob.ar, la aplicaci\u00f3n VacunatePBA y el tel\u00e9fono 221-4294002.<\/p>\n\n\n\n<p>\u00abEstos mensajes malintencionados tienen el \u00fanico objetivo se confundir y provocar aglomeraciones peligrosas en los centros de vacunaci\u00f3n, poniendo en riesgo a la comunidad. Consult\u00e1 siempre medios oficiales, ayudanos a combatir este boicot contra la salud p\u00fablica\u00bb, a\u00f1adi\u00f3 el jefe comunal del Frente de Todos.<\/p>\n\n\n\n<p>Seg\u00fan pudo corroborar La Tecla.info, la investigaci\u00f3n ya se ha iniciado, aunque no se han dado m\u00e1s detalles respecto de la metodolog\u00eda utilizada ni sobre la existencia de casos similares en otros distritos.<\/p>\n\n\n\n<p>\u00abYa est\u00e1 actuando la Justicia. En el d\u00eda de hoy deber\u00eda haber novedades\u00bb, aseguraron desde el entorno del gobernador Kicillof.<\/p>\n\n\n\n<p>Fuente: <a href=\"https:\/\/www.latecla.info\/120331-la-provincia-alerto-sobre-turnos-falsos-es-un-boicot-a-\">La Tecla<\/a><\/p>\n","protected":false},"excerpt":{"rendered":"<p>El Gobernador asegur\u00f3 en sus redes sociales que circula por Whatsapp una convocatoria con turnos para inocularse este viernes. El hecho se registra, hasta el momento, en el municipio de Tigre. La Justicia ya lo est\u00e1 investigando. En medio de una campa\u00f1a de vacunaci\u00f3n que sigue desarroll\u00e1ndose en la provincia de Buenos Aires, el gobernador [&hellip;]<\/p>\n","protected":false},"author":4,"featured_media":90688,"comment_status":"open","ping_status":"closed","sticky":false,"template":"","format":"standard","meta":{"om_disable_all_campaigns":false,"_jetpack_memberships_contains_paid_content":false,"footnotes":""},"categories":[621],"tags":[],"class_list":["post-90687","post","type-post","status-publish","format-standard","has-post-thumbnail","hentry","category-regionales"],"aioseo_notices":[],"gutentor_comment":0,"jetpack_featured_media_url":"https:\/\/eldiariodesanpedro.com.ar\/sitio\/wp-content\/uploads\/2021\/04\/126747_3.jpg","jetpack_shortlink":"https:\/\/wp.me\/p6RhLt-nAH","jetpack_sharing_enabled":true,"_links":{"self":[{"href":"https:\/\/eldiariodesanpedro.com.ar\/sitio\/wp-json\/wp\/v2\/posts\/90687","targetHints":{"allow":["GET"]}}],"collection":[{"href":"https:\/\/eldiariodesanpedro.com.ar\/sitio\/wp-json\/wp\/v2\/posts"}],"about":[{"href":"https:\/\/eldiariodesanpedro.com.ar\/sitio\/wp-json\/wp\/v2\/types\/post"}],"author":[{"embeddable":true,"href":"https:\/\/eldiariodesanpedro.com.ar\/sitio\/wp-json\/wp\/v2\/users\/4"}],"replies":[{"embeddable":true,"href":"https:\/\/eldiariodesanpedro.com.ar\/sitio\/wp-json\/wp\/v2\/comments?post=90687"}],"version-history":[{"count":1,"href":"https:\/\/eldiariodesanpedro.com.ar\/sitio\/wp-json\/wp\/v2\/posts\/90687\/revisions"}],"predecessor-version":[{"id":90689,"href":"https:\/\/eldiariodesanpedro.com.ar\/sitio\/wp-json\/wp\/v2\/posts\/90687\/revisions\/90689"}],"wp:featuredmedia":[{"embeddable":true,"href":"https:\/\/eldiariodesanpedro.com.ar\/sitio\/wp-json\/wp\/v2\/media\/90688"}],"wp:attachment":[{"href":"https:\/\/eldiariodesanpedro.com.ar\/sitio\/wp-json\/wp\/v2\/media?parent=90687"}],"wp:term":[{"taxonomy":"category","embeddable":true,"href":"https:\/\/eldiariodesanpedro.com.ar\/sitio\/wp-json\/wp\/v2\/categories?post=90687"},{"taxonomy":"post_tag","embeddable":true,"href":"https:\/\/eldiariodesanpedro.com.ar\/sitio\/wp-json\/wp\/v2\/tags?post=90687"}],"curies":[{"name":"wp","href":"https:\/\/api.w.org\/{rel}","templated":true}]}}