{"id":90684,"date":"2021-04-09T17:54:07","date_gmt":"2021-04-09T20:54:07","guid":{"rendered":"https:\/\/eldiariodesanpedro.com.ar\/sitio\/?p=90684"},"modified":"2021-04-09T17:54:13","modified_gmt":"2021-04-09T20:54:13","slug":"san-nicolas-19-efectivos-contagiados-en-un-festejo-de-cumpleanos-de-un-comisario-de-la-pfa-en-san-nicolas","status":"publish","type":"post","link":"https:\/\/eldiariodesanpedro.com.ar\/sitio\/san-nicolas-19-efectivos-contagiados-en-un-festejo-de-cumpleanos-de-un-comisario-de-la-pfa-en-san-nicolas\/","title":{"rendered":"SAN NICOL\u00c1S | 19 efectivos contagiados en un festejo de cumplea\u00f1os de un comisario de la PFA en San Nicol\u00e1s"},"content":{"rendered":"<!-- VideographyWP Plugin Message: Automatic video embedding prevented by plugin options. -->\n\n<p>A fines de marzo se realiz\u00f3 un festejo con motivo del 52 aniversario de natalicio del comisario Inspector&nbsp;<strong>Rodolfo Carlos Barral<\/strong>, pero recientemente transcendi\u00f3 esta reuni\u00f3n de jolgorio realizada en la ciudad de San Martin donde tiene asiento la unidad policial de San Nicol\u00e1s, con amplia presencia de quienes deben dar el ejemplo ante la sociedad y en este caso son los que infringen las leyes, ya que en esa fecha reg\u00eda la prohibici\u00f3n de reuni\u00f3n de m\u00e1s de 10 personas.<\/p>\n\n\n\n<p>En esa festividad habr\u00edan participado masivamente oficiales, jefes a cargo de las dependencias a sus mandos, con alrededor de unas treinta personas, entre ellas, la comisario&nbsp;<strong>Lucia Oru\u00e9<\/strong>&nbsp;y la subcomisario&nbsp;<strong>Fernanda Videla<\/strong>, ambas jefas de la Delegaci\u00f3n San Nicol\u00e1s de la PFA, junto a personal de su confianza como es el chofer, cabo Primero&nbsp;<strong>Oscar Cevallo<\/strong>.<\/p>\n\n\n\n<p>El personal policial que hab\u00eda sido parte del convite y festejo, regresaron de la fiesta y continuaron con sus tareas cotidianas como si nada pasara, sin cumplir bajo ninguna circunstancia las normas sanitarias ordenadas por las autoridades nacionales y provinciales sobre el Covid-19.<\/p>\n\n\n\n<p>Estos efectivos comenzaron a presentar s\u00edntomas similares al coronavirus y fueron afectando al resto de la dotaci\u00f3n de la Delegaci\u00f3n de aquella ciudad. Estando en cuarentena estricta, todo esto gener\u00f3 un malestar generalizado porque se puso en riesgo a la totalidad de sus familias.<\/p>\n\n\n\n<p>Esto constituye a prima facie una grave falta al reglamento policial y falta de profesionalidad e irresponsabilidad y un gran desprestigio por parte de los uniformados en oficiales jefes.<\/p>\n\n\n\n<p>Sumado a este panorama, vale resaltar que la Comisario Oru\u00e9 y la Subcomisario Videla fueron art\u00edfices de promover pases y traslados de forma compulsiva de la dependencia en cuesti\u00f3n, acusando y persiguiendo al personal sin motivo alguno y violando decretos del Ministerio de Seguridad de la Naci\u00f3n.<\/p>\n\n\n\n<p>\u201cUn efectivo aclaraba entre dientes sobre los traslados de personal de la instituci\u00f3n, mientras estas dos corruptas est\u00e1n protegiendo a personal de la Brigada de esta dependencia que tranzan con el contrabando mayor y los narcotraficantes que promueven el comercio del narcotr\u00e1fico nacional e internacional del puerto de la ciudad\u201d, destacaron desde el seno de la Delegaci\u00f3n.<\/p>\n\n\n\n<p>Recordemos adem\u00e1s, que este se\u00f1or comisario pol\u00e9mico Barral fue descubierto en febrero 2020 espiando una asamblea de trabajadores y trabajadoras del INTI. En esa ocasi\u00f3n, fueron miembros de su quienes le sacaron fotos ilegalmente, siendo pr\u00e1cticas de la \u00faltima dictadura militar.<\/p>\n\n\n\n<p>As\u00ed est\u00e1n las cosas con polic\u00edas y nada m\u00e1s y ni nada menos que del g\u00e9nero femenino, justamente quienes no le permite al personal realizar adicional entrante y saliente de guardia. Sumado a todo esto, a los presos los tiene en una habitaci\u00f3n que antes era para tramitar documentaci\u00f3n, siendo masculinos y femeninos todos juntos, constituyendo un grave delito penal esa situaci\u00f3n. Y con los superiores de la Polic\u00eda Federal haciendo la vista gorda: \u00bfser\u00e1 porque recibir\u00e1n alg\u00fan sobre de la llamada caja policial?<\/p>\n\n\n\n<p>Fuente: <a href=\"http:\/\/www.ramallociudad.com.ar\/nota.asp?id=162439&amp;t=Escandalo-19-efectivos-contagiados-en-un-festejo-de-cumpleanos-de-un-comisario-de-la-PFA-en-San-Nicolas\">Ramallo Ciudad<\/a><\/p>\n","protected":false},"excerpt":{"rendered":"<p>A fines de marzo se realiz\u00f3 un festejo con motivo del 52 aniversario de natalicio del comisario Inspector&nbsp;Rodolfo Carlos Barral, pero recientemente transcendi\u00f3 esta reuni\u00f3n de jolgorio realizada en la ciudad de San Martin donde tiene asiento la unidad policial de San Nicol\u00e1s, con amplia presencia de quienes deben dar el ejemplo ante la sociedad [&hellip;]<\/p>\n","protected":false},"author":4,"featured_media":90685,"comment_status":"open","ping_status":"closed","sticky":false,"template":"","format":"standard","meta":{"om_disable_all_campaigns":false,"_jetpack_memberships_contains_paid_content":false,"footnotes":""},"categories":[621],"tags":[],"class_list":["post-90684","post","type-post","status-publish","format-standard","has-post-thumbnail","hentry","category-regionales"],"aioseo_notices":[],"gutentor_comment":0,"jetpack_featured_media_url":"https:\/\/eldiariodesanpedro.com.ar\/sitio\/wp-content\/uploads\/2021\/04\/bbx_898494776_1_SN.jpg","jetpack_shortlink":"https:\/\/wp.me\/p6RhLt-nAE","jetpack_sharing_enabled":true,"_links":{"self":[{"href":"https:\/\/eldiariodesanpedro.com.ar\/sitio\/wp-json\/wp\/v2\/posts\/90684","targetHints":{"allow":["GET"]}}],"collection":[{"href":"https:\/\/eldiariodesanpedro.com.ar\/sitio\/wp-json\/wp\/v2\/posts"}],"about":[{"href":"https:\/\/eldiariodesanpedro.com.ar\/sitio\/wp-json\/wp\/v2\/types\/post"}],"author":[{"embeddable":true,"href":"https:\/\/eldiariodesanpedro.com.ar\/sitio\/wp-json\/wp\/v2\/users\/4"}],"replies":[{"embeddable":true,"href":"https:\/\/eldiariodesanpedro.com.ar\/sitio\/wp-json\/wp\/v2\/comments?post=90684"}],"version-history":[{"count":1,"href":"https:\/\/eldiariodesanpedro.com.ar\/sitio\/wp-json\/wp\/v2\/posts\/90684\/revisions"}],"predecessor-version":[{"id":90686,"href":"https:\/\/eldiariodesanpedro.com.ar\/sitio\/wp-json\/wp\/v2\/posts\/90684\/revisions\/90686"}],"wp:featuredmedia":[{"embeddable":true,"href":"https:\/\/eldiariodesanpedro.com.ar\/sitio\/wp-json\/wp\/v2\/media\/90685"}],"wp:attachment":[{"href":"https:\/\/eldiariodesanpedro.com.ar\/sitio\/wp-json\/wp\/v2\/media?parent=90684"}],"wp:term":[{"taxonomy":"category","embeddable":true,"href":"https:\/\/eldiariodesanpedro.com.ar\/sitio\/wp-json\/wp\/v2\/categories?post=90684"},{"taxonomy":"post_tag","embeddable":true,"href":"https:\/\/eldiariodesanpedro.com.ar\/sitio\/wp-json\/wp\/v2\/tags?post=90684"}],"curies":[{"name":"wp","href":"https:\/\/api.w.org\/{rel}","templated":true}]}}