{"id":90681,"date":"2021-04-09T17:48:18","date_gmt":"2021-04-09T20:48:18","guid":{"rendered":"https:\/\/eldiariodesanpedro.com.ar\/sitio\/?p=90681"},"modified":"2021-04-09T17:48:23","modified_gmt":"2021-04-09T20:48:23","slug":"san-nicolas-murio-una-mujer-en-un-tragico-accidente-frontal-en-el-camino-de-la-costa","status":"publish","type":"post","link":"https:\/\/eldiariodesanpedro.com.ar\/sitio\/san-nicolas-murio-una-mujer-en-un-tragico-accidente-frontal-en-el-camino-de-la-costa\/","title":{"rendered":"SAN NICOL\u00c1S | Muri\u00f3 una mujer en un tr\u00e1gico accidente frontal en el Camino de la Costa"},"content":{"rendered":"<!-- VideographyWP Plugin Message: Automatic video embedding prevented by plugin options. -->\n\n<p>Por causas que a\u00fan tratan de dilucidarse, en el Camino de la Costa que une San Nicol\u00e1s con Ramallo, m\u00e1s exactamente frente al acceso a Planta Extrorage, colisionaron de frente un Renault Logan y un Ford Focus, lo que determin\u00f3 la muerte de Anal\u00eda Beatriz Moral, de 50 a\u00f1os, domiciliada en Ramallo.<\/p>\n\n\n\n<p>El Ford Focus era conducido por Juan Jos\u00e9 Mart\u00ednez, de 40 a\u00f1os de edad, domiciliado en calle San Jos\u00e9 al 600 de San Nicol\u00e1s, quien fue trasladado a nuestra ciudad debido a la gravedad de las lesiones sufridas; como acompa\u00f1antes, Daniel Andrade, de 37 a\u00f1os, con politraumatismos, tambi\u00e9n domiciliado en nuestra ciudad; y una menor de 15 a\u00f1os, con traumatismos m\u00faltiples.<\/p>\n\n\n\n<p>Al momento del accidente la calzada se encontraba mojada por la gran cantidad de agua ca\u00edda.<\/p>\n\n\n\n<p>Se hicieron presentes, personal de la Polic\u00eda de Seguridad Comunal de Ramallo, del GUR y Polic\u00eda Cient\u00edfica.<\/p>\n\n\n\n<p>Fuente: <a href=\"http:\/\/www.diarioelinformante.com.ar\/nota-61250_muri-una-mujer-en-un-trgico-accidente-frontal-en-el-camino-de-la-costa\">Diario El Informante<\/a><\/p>\n","protected":false},"excerpt":{"rendered":"<p>Por causas que a\u00fan tratan de dilucidarse, en el Camino de la Costa que une San Nicol\u00e1s con Ramallo, m\u00e1s exactamente frente al acceso a Planta Extrorage, colisionaron de frente un Renault Logan y un Ford Focus, lo que determin\u00f3 la muerte de Anal\u00eda Beatriz Moral, de 50 a\u00f1os, domiciliada en Ramallo. El Ford Focus [&hellip;]<\/p>\n","protected":false},"author":4,"featured_media":90682,"comment_status":"open","ping_status":"closed","sticky":false,"template":"","format":"standard","meta":{"om_disable_all_campaigns":false,"_jetpack_memberships_contains_paid_content":false,"footnotes":""},"categories":[621],"tags":[],"class_list":["post-90681","post","type-post","status-publish","format-standard","has-post-thumbnail","hentry","category-regionales"],"aioseo_notices":[],"gutentor_comment":0,"jetpack_featured_media_url":"https:\/\/eldiariodesanpedro.com.ar\/sitio\/wp-content\/uploads\/2021\/04\/no_4es5l6dm8fse17hWhatsApp_Image_2021_04_09_at_12.41.30.jpeg","jetpack_shortlink":"https:\/\/wp.me\/p6RhLt-nAB","jetpack_sharing_enabled":true,"_links":{"self":[{"href":"https:\/\/eldiariodesanpedro.com.ar\/sitio\/wp-json\/wp\/v2\/posts\/90681","targetHints":{"allow":["GET"]}}],"collection":[{"href":"https:\/\/eldiariodesanpedro.com.ar\/sitio\/wp-json\/wp\/v2\/posts"}],"about":[{"href":"https:\/\/eldiariodesanpedro.com.ar\/sitio\/wp-json\/wp\/v2\/types\/post"}],"author":[{"embeddable":true,"href":"https:\/\/eldiariodesanpedro.com.ar\/sitio\/wp-json\/wp\/v2\/users\/4"}],"replies":[{"embeddable":true,"href":"https:\/\/eldiariodesanpedro.com.ar\/sitio\/wp-json\/wp\/v2\/comments?post=90681"}],"version-history":[{"count":1,"href":"https:\/\/eldiariodesanpedro.com.ar\/sitio\/wp-json\/wp\/v2\/posts\/90681\/revisions"}],"predecessor-version":[{"id":90683,"href":"https:\/\/eldiariodesanpedro.com.ar\/sitio\/wp-json\/wp\/v2\/posts\/90681\/revisions\/90683"}],"wp:featuredmedia":[{"embeddable":true,"href":"https:\/\/eldiariodesanpedro.com.ar\/sitio\/wp-json\/wp\/v2\/media\/90682"}],"wp:attachment":[{"href":"https:\/\/eldiariodesanpedro.com.ar\/sitio\/wp-json\/wp\/v2\/media?parent=90681"}],"wp:term":[{"taxonomy":"category","embeddable":true,"href":"https:\/\/eldiariodesanpedro.com.ar\/sitio\/wp-json\/wp\/v2\/categories?post=90681"},{"taxonomy":"post_tag","embeddable":true,"href":"https:\/\/eldiariodesanpedro.com.ar\/sitio\/wp-json\/wp\/v2\/tags?post=90681"}],"curies":[{"name":"wp","href":"https:\/\/api.w.org\/{rel}","templated":true}]}}